{"id":4940,"date":"2016-12-05T17:35:23","date_gmt":"2016-12-05T17:35:23","guid":{"rendered":"https:\/\/apan.pt\/academia\/?p=4940"},"modified":"2017-09-11T12:22:38","modified_gmt":"2017-09-11T11:22:38","slug":"4-atualizacoes-importantes-na-plataforma-facebook-impactam-gestao-da-pagina-facebook-2017","status":"publish","type":"post","link":"https:\/\/apan.pt\/academia\/4-atualizacoes-importantes-na-plataforma-facebook-impactam-gestao-da-pagina-facebook-2017\/","title":{"rendered":"4 Atualiza\u00e7\u00f5es importantes na plataforma Facebook que impactam a Gest\u00e3o da P\u00e1gina Facebook em 2017"},"content":{"rendered":"<p>O Facebook continua a fazer evoluir continuamente a plataforma e com esta l\u00f3gica de inova\u00e7\u00e3o permanente ser\u00e1 dif\u00edcil no curto prazo destronar a sua lideran\u00e7a a n\u00edvel mundial e em Portugal.<\/p>\n<p>Existem algumas atualiza\u00e7\u00f5es no Facebook que implicam uma mudan\u00e7a n\u00e3o s\u00f3 ao n\u00edvel da cria\u00e7\u00e3o de conte\u00fados mas tamb\u00e9m no que toca \u00e0 gest\u00e3o operacional das p\u00e1ginas.<\/p>\n<p><strong>O v\u00eddeo live como tipo de publica\u00e7\u00e3o<em> premium<\/em> <\/strong><\/p>\n<p>Est\u00e1 pr\u00e9-definido pelo Facebook que o v\u00eddeo Live\u00a0 \u00e9 posicionado no topo do feed de not\u00edcias, sendo os f\u00e3s notificados de que a p\u00e1gina se encontra em direto. O grande desafio das marcas \u00e9 de encontrarem temas de conversa\u00e7\u00e3o com a Comunidade que proporcionem os diretos.<\/p>\n<p>Em breve ser\u00e1 poss\u00edvel agendar um Facebook live, realiza-lo com 2 pessoas de forma nativa e torna-lo num an\u00fancio enquanto este est\u00e1 a acontecer.<\/p>\n<p>Os Facebook live podem ser utilizados com prop\u00f3sitos muito distintos desde a tradicional cobertura de um evento, entrevistas, apresenta\u00e7\u00f5es, etc&#8230;<\/p>\n<p>Por exemplo a marca Benefit Cosmetics realiza demonstra\u00e7\u00f5es da utiliza\u00e7\u00e3o dos seus produtos na p\u00e1gina Facebook num ambiente muito descontra\u00eddo.<\/p>\n<p><img decoding=\"async\" loading=\"lazy\" class=\"alignnone size-medium wp-image-4941\" src=\"https:\/\/apan.pt\/academia\/wp-content\/uploads\/2016\/12\/Direto-Benefit-222x300.jpg\" alt=\"direto-benefit\" width=\"222\" height=\"300\" srcset=\"https:\/\/apan.pt\/academia\/wp-content\/uploads\/2016\/12\/Direto-Benefit-222x300.jpg 222w, https:\/\/apan.pt\/academia\/wp-content\/uploads\/2016\/12\/Direto-Benefit.jpg 435w\" sizes=\"(max-width: 222px) 100vw, 222px\" \/><br \/>\nFonte: <a href=\"http:\/\/www.facebook.com\/benefitcosmetics\">www.facebook.com\/benefitcosmetics<\/a><\/p>\n<p>O grande desafio para as marcas consiste em terem preparados n\u00e3o s\u00f3 os temas e momentos que s\u00e3o objeto dos live no Facebook mas tamb\u00e9m terem selecionado os interlocutores certos que representem a identidade e voz da marca.<\/p>\n<p><strong>O <em>Social selling<\/em> nativo no Facebook <\/strong><\/p>\n<p>Para al\u00e9m do site de e-commerce, a p\u00e1gina do Facebook ganhou em 2016 a op\u00e7\u00e3o nativa de expor os seus produtos e servi\u00e7os e identifica-los nas publica\u00e7\u00f5es ganhando estes visibilidade adicional.<\/p>\n<p>Poder\u00e1 n\u00e3o fazer sentido carregar toda a gama de produtos para a se\u00e7\u00e3o loja da p\u00e1gina mas por exemplo os artigos 20\/80, cole\u00e7\u00f5es sazonais ou artigos promocionais.<\/p>\n<p>As transa\u00e7\u00f5es s\u00e3o ainda realizadas no check-out do seu site at\u00e9 que o Facebook conclua as negocia\u00e7\u00f5es com um parceiro para que estas aconte\u00e7am dentro da plataforma.<\/p>\n<p>Ao carregar os produtos na loja nativa do Facebook pode identifica-los e estes aparecem em destaque por baixo da foto principal da publica\u00e7\u00e3o.<\/p>\n<p>Ao clicar na foto do produto entra diretamente na loja Facebook da p\u00e1gina e pode ver o artigo em detalhe.<\/p>\n<p><img decoding=\"async\" loading=\"lazy\" class=\"alignnone size-medium wp-image-4942\" src=\"https:\/\/apan.pt\/academia\/wp-content\/uploads\/2016\/12\/sigma-201x300.jpg\" alt=\"sigma\" width=\"201\" height=\"300\" srcset=\"https:\/\/apan.pt\/academia\/wp-content\/uploads\/2016\/12\/sigma-201x300.jpg 201w, https:\/\/apan.pt\/academia\/wp-content\/uploads\/2016\/12\/sigma.jpg 432w\" sizes=\"(max-width: 201px) 100vw, 201px\" \/><br \/>\nExemplo: <a href=\"http:\/\/www.facebook.com\/sigmafanpage\">www.facebook.com\/sigmafanpage<\/a><\/p>\n<p><strong>O Facebook Messenger como canal privilegiado de Comunica\u00e7\u00e3o. <\/strong><\/p>\n<p>Algumas marcas como o El Corte Ingl\u00eas apostaram j\u00e1 na configura\u00e7\u00e3o do seu bot, um sistema que automatiza as respostas \u00e0s mensagens no Messenger tendo por base <em>scripts<\/em> pr\u00e9-definidos.<\/p>\n<p><img decoding=\"async\" loading=\"lazy\" class=\"alignnone size-medium wp-image-4943\" src=\"https:\/\/apan.pt\/academia\/wp-content\/uploads\/2016\/12\/Bit-el-corte-ingles-300x212.jpg\" alt=\"bit-el-corte-ingles\" width=\"300\" height=\"212\" srcset=\"https:\/\/apan.pt\/academia\/wp-content\/uploads\/2016\/12\/Bit-el-corte-ingles-300x212.jpg 300w, https:\/\/apan.pt\/academia\/wp-content\/uploads\/2016\/12\/Bit-el-corte-ingles-768x544.jpg 768w, https:\/\/apan.pt\/academia\/wp-content\/uploads\/2016\/12\/Bit-el-corte-ingles-1024x725.jpg 1024w, https:\/\/apan.pt\/academia\/wp-content\/uploads\/2016\/12\/Bit-el-corte-ingles.jpg 1035w\" sizes=\"(max-width: 300px) 100vw, 300px\" \/><br \/>\nExemplo: www.facebook.com\/ElCorteInglesPortugal<\/p>\n<p>Acima de tudo o Messenger est\u00e1 a tornar-se num canal de servi\u00e7o de apoio ao Cliente cada vez mais importante que n\u00e3o pode ser delegado numa entidade externa \u00e0 empresa. Algumas empresas t\u00eam j\u00e1 moderadores da p\u00e1gina 100% dedicados a prestarem o melhor e mais r\u00e1pido servi\u00e7o de apoio ao Cliente nas Redes Sociais. Um f\u00e3 tem a expectativa de a sua mensagem ser respondida no menor tempo poss\u00edvel.<\/p>\n<p>Uma elevada responsividade da p\u00e1gina n\u00e3o \u00e9 mais uma op\u00e7\u00e3o. O servi\u00e7o de apoio ao Cliente passa por este <em>touch point<\/em> adicional e os departamentos t\u00edpicos de servi\u00e7o de apoio ao Cliente devem ser envolvidos e integrada a sua resposta.<\/p>\n<p><strong>Os an\u00fancios din\u00e2micos que automatizam o processo de cria\u00e7\u00e3o de an\u00fancios <\/strong><\/p>\n<p>Cada vez mais \u00e9 importante medir o impacto da Publicidade no Facebook nas vendas efetivas (obviamente nos casos em que isso \u00e9 poss\u00edvel) e por essa raz\u00e3o se utilizam os an\u00fancios para aumentar as convers\u00f5es no site.<\/p>\n<p>Mediante a cria\u00e7\u00e3o e instala\u00e7\u00e3o de um evento de convers\u00e3o no seu site (pequeno c\u00f3digo html), por exemplo no check-out da compra dos artigos, poder\u00e1 assim conhecer as convers\u00f5es efetivas geradas por cada campanha de Publicidade no Facebook.<\/p>\n<p>Um tipo de an\u00fancios muito usado no e-commerce s\u00e3o os an\u00fancios din\u00e2micos. Partindo de um template de an\u00fancio do Facebook os produtos s\u00e3o automaticamente carregados pelo Facebook em consequ\u00eancia do comportamento dos visitantes do site.<\/p>\n<p>Previamente tem de ter carregado um feed de produtos no gestor de neg\u00f3cios do Facebook.<\/p>\n<p>\u00c9 poss\u00edvel por exemplo criar an\u00fancios com os produtos que foram colocados no carrinho de compras do visitante do site mas cuja transa\u00e7\u00e3o n\u00e3o aconteceu.<\/p>\n<p>Quando o visitante do site regressa ao Facebook volta a ver os produtos que lhe interessaram no site e outros semelhantes.<\/p>\n<p><img decoding=\"async\" loading=\"lazy\" class=\"alignnone size-medium wp-image-4944\" src=\"https:\/\/apan.pt\/academia\/wp-content\/uploads\/2016\/12\/dynamic_product_ad-example-300x169.jpg\" alt=\"dynamic_product_ad-example\" width=\"300\" height=\"169\" srcset=\"https:\/\/apan.pt\/academia\/wp-content\/uploads\/2016\/12\/dynamic_product_ad-example-300x169.jpg 300w, https:\/\/apan.pt\/academia\/wp-content\/uploads\/2016\/12\/dynamic_product_ad-example.jpg 676w\" sizes=\"(max-width: 300px) 100vw, 300px\" \/><br \/>\nExemplo de an\u00fancio din\u00e2mico em carrossel do Ebay<\/p>\n<p>Em suma estas s\u00e3o quatro atualiza\u00e7\u00f5es no Facebook que t\u00eam impacto pr\u00e1tico na forma como \u00e9 realizada a gest\u00e3o da p\u00e1gina e cria\u00e7\u00e3o de campanhas de Publicidade.<\/p>\n<p>O Facebook est\u00e1 a adicionar constantemente novas funcionalidades para tornar as p\u00e1ginas mais completas, complexas e que certamente contribui para que a Comunidade fique mais tempo dentro do Facebook.<\/p>\n<p>Por: <a href=\"\/author\/anamendes\/\">Ana Mendes<\/a><\/p>\n<p>&nbsp;<\/p>\n<p>&nbsp;<\/p>\n<p>&nbsp;<\/p>\n","protected":false},"excerpt":{"rendered":"<p>O Facebook continua a fazer evoluir continuamente a plataforma e com esta l\u00f3gica de inova\u00e7\u00e3o permanente ser\u00e1 dif\u00edcil no curto prazo destronar a sua lideran\u00e7a a n\u00edvel mundial e em Portugal. Existem algumas atualiza\u00e7\u00f5es no Facebook que implicam uma mudan\u00e7a n\u00e3o s\u00f3 ao n\u00edvel da cria\u00e7\u00e3o de conte\u00fados mas tamb\u00e9m no que toca \u00e0 gest\u00e3o&#8230; <\/p>\n<div class=\"clear\"><\/div>\n<p><a href=\"https:\/\/apan.pt\/academia\/4-atualizacoes-importantes-na-plataforma-facebook-impactam-gestao-da-pagina-facebook-2017\/\" class=\"gdlr-button with-border excerpt-read-more\">Ler Mais<\/a><\/p>\n","protected":false},"author":22,"featured_media":0,"comment_status":"open","ping_status":"open","sticky":false,"template":"","format":"standard","meta":{"_monsterinsights_skip_tracking":false,"_monsterinsights_sitenote_active":false,"_monsterinsights_sitenote_note":"","_monsterinsights_sitenote_category":0},"categories":[1],"tags":[146],"yoast_head":"<!-- This site is optimized with the Yoast SEO plugin v19.12 - https:\/\/yoast.com\/wordpress\/plugins\/seo\/ -->\n<title>4 Atualiza\u00e7\u00f5es importantes na plataforma Facebook em 2017<\/title>\n<meta name=\"description\" content=\"Existem algumas atualiza\u00e7\u00f5es no Facebook que implicam uma mudan\u00e7a na cria\u00e7\u00e3o de conte\u00fados e na gest\u00e3o operacional das p\u00e1ginas. Saiba quais s\u00e3o.\" \/>\n<meta name=\"robots\" content=\"index, follow, max-snippet:-1, max-image-preview:large, max-video-preview:-1\" \/>\n<link rel=\"canonical\" href=\"https:\/\/apan.pt\/academia\/4-atualizacoes-importantes-na-plataforma-facebook-impactam-gestao-da-pagina-facebook-2017\/\" \/>\n<meta property=\"og:locale\" content=\"pt_PT\" \/>\n<meta property=\"og:type\" content=\"article\" \/>\n<meta property=\"og:title\" content=\"4 Atualiza\u00e7\u00f5es importantes na plataforma Facebook em 2017\" \/>\n<meta property=\"og:description\" content=\"Existem algumas atualiza\u00e7\u00f5es no Facebook que implicam uma mudan\u00e7a na cria\u00e7\u00e3o de conte\u00fados e na gest\u00e3o operacional das p\u00e1ginas. Saiba quais s\u00e3o.\" \/>\n<meta property=\"og:url\" content=\"https:\/\/apan.pt\/academia\/4-atualizacoes-importantes-na-plataforma-facebook-impactam-gestao-da-pagina-facebook-2017\/\" \/>\n<meta property=\"og:site_name\" content=\"Academia APAN\" \/>\n<meta property=\"article:publisher\" content=\"https:\/\/www.facebook.com\/academiaapan\/?epa=SEARCH_BOX\" \/>\n<meta property=\"article:published_time\" content=\"2016-12-05T17:35:23+00:00\" \/>\n<meta property=\"article:modified_time\" content=\"2017-09-11T11:22:38+00:00\" \/>\n<meta property=\"og:image\" content=\"https:\/\/apan.pt\/academia\/wp-content\/uploads\/2016\/12\/Direto-Benefit-222x300.jpg\" \/>\n<meta name=\"author\" content=\"Academia APAN\" \/>\n<meta name=\"twitter:card\" content=\"summary_large_image\" \/>\n<meta name=\"twitter:label1\" content=\"Escrito por\" \/>\n\t<meta name=\"twitter:data1\" content=\"Academia APAN\" \/>\n\t<meta name=\"twitter:label2\" content=\"Tempo estimado de leitura\" \/>\n\t<meta name=\"twitter:data2\" content=\"4 minutos\" \/>\n<script type=\"application\/ld+json\" class=\"yoast-schema-graph\">{\"@context\":\"https:\/\/schema.org\",\"@graph\":[{\"@type\":\"WebPage\",\"@id\":\"https:\/\/apan.pt\/academia\/4-atualizacoes-importantes-na-plataforma-facebook-impactam-gestao-da-pagina-facebook-2017\/\",\"url\":\"https:\/\/apan.pt\/academia\/4-atualizacoes-importantes-na-plataforma-facebook-impactam-gestao-da-pagina-facebook-2017\/\",\"name\":\"4 Atualiza\u00e7\u00f5es importantes na plataforma Facebook em 2017\",\"isPartOf\":{\"@id\":\"https:\/\/apan.pt\/academia\/#website\"},\"datePublished\":\"2016-12-05T17:35:23+00:00\",\"dateModified\":\"2017-09-11T11:22:38+00:00\",\"author\":{\"@id\":\"https:\/\/apan.pt\/academia\/#\/schema\/person\/b1697c1faa517f40a1bc4e523fddb99e\"},\"description\":\"Existem algumas atualiza\u00e7\u00f5es no Facebook que implicam uma mudan\u00e7a na cria\u00e7\u00e3o de conte\u00fados e na gest\u00e3o operacional das p\u00e1ginas. Saiba quais s\u00e3o.\",\"breadcrumb\":{\"@id\":\"https:\/\/apan.pt\/academia\/4-atualizacoes-importantes-na-plataforma-facebook-impactam-gestao-da-pagina-facebook-2017\/#breadcrumb\"},\"inLanguage\":\"pt-PT\",\"potentialAction\":[{\"@type\":\"ReadAction\",\"target\":[\"https:\/\/apan.pt\/academia\/4-atualizacoes-importantes-na-plataforma-facebook-impactam-gestao-da-pagina-facebook-2017\/\"]}]},{\"@type\":\"BreadcrumbList\",\"@id\":\"https:\/\/apan.pt\/academia\/4-atualizacoes-importantes-na-plataforma-facebook-impactam-gestao-da-pagina-facebook-2017\/#breadcrumb\",\"itemListElement\":[{\"@type\":\"ListItem\",\"position\":1,\"name\":\"In\u00edcio\",\"item\":\"https:\/\/apan.pt\/academia\/\"},{\"@type\":\"ListItem\",\"position\":2,\"name\":\"4 Atualiza\u00e7\u00f5es importantes na plataforma Facebook que impactam a Gest\u00e3o da P\u00e1gina Facebook em 2017\"}]},{\"@type\":\"WebSite\",\"@id\":\"https:\/\/apan.pt\/academia\/#website\",\"url\":\"https:\/\/apan.pt\/academia\/\",\"name\":\"Academia APAN\",\"description\":\"Ensina quem sabe\",\"potentialAction\":[{\"@type\":\"SearchAction\",\"target\":{\"@type\":\"EntryPoint\",\"urlTemplate\":\"https:\/\/apan.pt\/academia\/?s={search_term_string}\"},\"query-input\":\"required name=search_term_string\"}],\"inLanguage\":\"pt-PT\"},{\"@type\":\"Person\",\"@id\":\"https:\/\/apan.pt\/academia\/#\/schema\/person\/b1697c1faa517f40a1bc4e523fddb99e\",\"name\":\"Academia APAN\",\"image\":{\"@type\":\"ImageObject\",\"inLanguage\":\"pt-PT\",\"@id\":\"https:\/\/apan.pt\/academia\/#\/schema\/person\/image\/\",\"url\":\"https:\/\/secure.gravatar.com\/avatar\/08dc5f6a05ca3202054c34236b122087?s=96&d=mm&r=g\",\"contentUrl\":\"https:\/\/secure.gravatar.com\/avatar\/08dc5f6a05ca3202054c34236b122087?s=96&d=mm&r=g\",\"caption\":\"Academia APAN\"},\"url\":\"https:\/\/apan.pt\/academia\/author\/apan\/\"}]}<\/script>\n<!-- \/ Yoast SEO plugin. -->","yoast_head_json":{"title":"4 Atualiza\u00e7\u00f5es importantes na plataforma Facebook em 2017","description":"Existem algumas atualiza\u00e7\u00f5es no Facebook que implicam uma mudan\u00e7a na cria\u00e7\u00e3o de conte\u00fados e na gest\u00e3o operacional das p\u00e1ginas. Saiba quais s\u00e3o.","robots":{"index":"index","follow":"follow","max-snippet":"max-snippet:-1","max-image-preview":"max-image-preview:large","max-video-preview":"max-video-preview:-1"},"canonical":"https:\/\/apan.pt\/academia\/4-atualizacoes-importantes-na-plataforma-facebook-impactam-gestao-da-pagina-facebook-2017\/","og_locale":"pt_PT","og_type":"article","og_title":"4 Atualiza\u00e7\u00f5es importantes na plataforma Facebook em 2017","og_description":"Existem algumas atualiza\u00e7\u00f5es no Facebook que implicam uma mudan\u00e7a na cria\u00e7\u00e3o de conte\u00fados e na gest\u00e3o operacional das p\u00e1ginas. Saiba quais s\u00e3o.","og_url":"https:\/\/apan.pt\/academia\/4-atualizacoes-importantes-na-plataforma-facebook-impactam-gestao-da-pagina-facebook-2017\/","og_site_name":"Academia APAN","article_publisher":"https:\/\/www.facebook.com\/academiaapan\/?epa=SEARCH_BOX","article_published_time":"2016-12-05T17:35:23+00:00","article_modified_time":"2017-09-11T11:22:38+00:00","og_image":[{"url":"https:\/\/apan.pt\/academia\/wp-content\/uploads\/2016\/12\/Direto-Benefit-222x300.jpg"}],"author":"Academia APAN","twitter_card":"summary_large_image","twitter_misc":{"Escrito por":"Academia APAN","Tempo estimado de leitura":"4 minutos"},"schema":{"@context":"https:\/\/schema.org","@graph":[{"@type":"WebPage","@id":"https:\/\/apan.pt\/academia\/4-atualizacoes-importantes-na-plataforma-facebook-impactam-gestao-da-pagina-facebook-2017\/","url":"https:\/\/apan.pt\/academia\/4-atualizacoes-importantes-na-plataforma-facebook-impactam-gestao-da-pagina-facebook-2017\/","name":"4 Atualiza\u00e7\u00f5es importantes na plataforma Facebook em 2017","isPartOf":{"@id":"https:\/\/apan.pt\/academia\/#website"},"datePublished":"2016-12-05T17:35:23+00:00","dateModified":"2017-09-11T11:22:38+00:00","author":{"@id":"https:\/\/apan.pt\/academia\/#\/schema\/person\/b1697c1faa517f40a1bc4e523fddb99e"},"description":"Existem algumas atualiza\u00e7\u00f5es no Facebook que implicam uma mudan\u00e7a na cria\u00e7\u00e3o de conte\u00fados e na gest\u00e3o operacional das p\u00e1ginas. Saiba quais s\u00e3o.","breadcrumb":{"@id":"https:\/\/apan.pt\/academia\/4-atualizacoes-importantes-na-plataforma-facebook-impactam-gestao-da-pagina-facebook-2017\/#breadcrumb"},"inLanguage":"pt-PT","potentialAction":[{"@type":"ReadAction","target":["https:\/\/apan.pt\/academia\/4-atualizacoes-importantes-na-plataforma-facebook-impactam-gestao-da-pagina-facebook-2017\/"]}]},{"@type":"BreadcrumbList","@id":"https:\/\/apan.pt\/academia\/4-atualizacoes-importantes-na-plataforma-facebook-impactam-gestao-da-pagina-facebook-2017\/#breadcrumb","itemListElement":[{"@type":"ListItem","position":1,"name":"In\u00edcio","item":"https:\/\/apan.pt\/academia\/"},{"@type":"ListItem","position":2,"name":"4 Atualiza\u00e7\u00f5es importantes na plataforma Facebook que impactam a Gest\u00e3o da P\u00e1gina Facebook em 2017"}]},{"@type":"WebSite","@id":"https:\/\/apan.pt\/academia\/#website","url":"https:\/\/apan.pt\/academia\/","name":"Academia APAN","description":"Ensina quem sabe","potentialAction":[{"@type":"SearchAction","target":{"@type":"EntryPoint","urlTemplate":"https:\/\/apan.pt\/academia\/?s={search_term_string}"},"query-input":"required name=search_term_string"}],"inLanguage":"pt-PT"},{"@type":"Person","@id":"https:\/\/apan.pt\/academia\/#\/schema\/person\/b1697c1faa517f40a1bc4e523fddb99e","name":"Academia APAN","image":{"@type":"ImageObject","inLanguage":"pt-PT","@id":"https:\/\/apan.pt\/academia\/#\/schema\/person\/image\/","url":"https:\/\/secure.gravatar.com\/avatar\/08dc5f6a05ca3202054c34236b122087?s=96&d=mm&r=g","contentUrl":"https:\/\/secure.gravatar.com\/avatar\/08dc5f6a05ca3202054c34236b122087?s=96&d=mm&r=g","caption":"Academia APAN"},"url":"https:\/\/apan.pt\/academia\/author\/apan\/"}]}},"_links":{"self":[{"href":"https:\/\/apan.pt\/academia\/wp-json\/wp\/v2\/posts\/4940"}],"collection":[{"href":"https:\/\/apan.pt\/academia\/wp-json\/wp\/v2\/posts"}],"about":[{"href":"https:\/\/apan.pt\/academia\/wp-json\/wp\/v2\/types\/post"}],"author":[{"embeddable":true,"href":"https:\/\/apan.pt\/academia\/wp-json\/wp\/v2\/users\/22"}],"replies":[{"embeddable":true,"href":"https:\/\/apan.pt\/academia\/wp-json\/wp\/v2\/comments?post=4940"}],"version-history":[{"count":4,"href":"https:\/\/apan.pt\/academia\/wp-json\/wp\/v2\/posts\/4940\/revisions"}],"predecessor-version":[{"id":4948,"href":"https:\/\/apan.pt\/academia\/wp-json\/wp\/v2\/posts\/4940\/revisions\/4948"}],"wp:attachment":[{"href":"https:\/\/apan.pt\/academia\/wp-json\/wp\/v2\/media?parent=4940"}],"wp:term":[{"taxonomy":"category","embeddable":true,"href":"https:\/\/apan.pt\/academia\/wp-json\/wp\/v2\/categories?post=4940"},{"taxonomy":"post_tag","embeddable":true,"href":"https:\/\/apan.pt\/academia\/wp-json\/wp\/v2\/tags?post=4940"}],"curies":[{"name":"wp","href":"https:\/\/api.w.org\/{rel}","templated":true}]}}