{"id":5820,"date":"2017-09-25T14:24:21","date_gmt":"2017-09-25T13:24:21","guid":{"rendered":"https:\/\/apan.pt\/academia\/?p=5820"},"modified":"2017-09-25T15:00:21","modified_gmt":"2017-09-25T14:00:21","slug":"regulacao-da-publicidade-ate-continuar-ignorar-mudanca-paradigma","status":"publish","type":"post","link":"https:\/\/apan.pt\/academia\/regulacao-da-publicidade-ate-continuar-ignorar-mudanca-paradigma\/","title":{"rendered":"Regula\u00e7\u00e3o da publicidade: at\u00e9 quando vamos continuar a ignorar a mudan\u00e7a de paradigma?"},"content":{"rendered":"<p>Foi recentemente noticiada a pol\u00e9mica provocada nas redes sociais por um <a href=\"http:\/\/www.publico.pt\/multimedia\/video\/anuncio-chines-da-audi-compara-mulher-a-carro-usado-e-a-polemica-instalase-20170719-214534\">an\u00fancio <\/a>difundido pela Audi na China. O an\u00fancio comparava as mulheres a carros usados, mostrando um casal pronto para casar quando a m\u00e3e do noivo interrompia a cerim\u00f3nia para analisar a futura nora.<\/p>\n<p>A pol\u00e9mica recorda a <a href=\"https:\/\/www.publico.pt\/2013\/11\/20\/desporto\/noticia\/pepsi-pede-desculpa-a-ronaldo-apos-campanha-polemica-1613174\">campanha publicit\u00e1ria da Pepsi sueca<\/a>, que a prop\u00f3sito do jogo de apuramento para o Mundial de Futebol, utilizava a figura do jogador portugu\u00eas Cristiano Ronaldo numa linha de comboio, associada ao slogan \u201cVamos passar por cima de Portugal\u201d.<\/p>\n<p>O que t\u00eam em comum estes dois casos, aparentemente t\u00e3o distintos? Sobretudo o facto de nos alertarem para a mudan\u00e7a de paradigma na regula\u00e7\u00e3o da publicidade:<\/p>\n<p><strong>\u2013 ao n\u00edvel do conte\u00fado das mensagens<\/strong>: o C\u00f3digo da Publicidade e o regime jur\u00eddico das Pr\u00e1ticas Comerciais Desleais resultam de uma preocupa\u00e7\u00e3o dominante com o engano dos consumidores, ignorando a transi\u00e7\u00e3o para o apelo a sentimentos, que se verifica atualmente em detrimento do recurso a argumentos de natureza t\u00e9cnica e funcional. Na verdade, os problemas hoje suscitados pelo conte\u00fado das mensagens centram-se na discrimina\u00e7\u00e3o em rela\u00e7\u00e3o ao sexo, que resulta da ideia frequentemente veiculada de inferioridade da mulher, ou ainda na promo\u00e7\u00e3o de comportamentos violentos.<\/p>\n<p>Ora, a regula\u00e7\u00e3o da publicidade n\u00e3o pode deixar de atender a esta mudan\u00e7a de paradigma, passando a incidir maioritariamente sobre o princ\u00edpio da licitude e a conformidade com os valores constitucionais, cujo fundamento se encontra afinal na dignidade da pessoa humana. Num contexto econ\u00f3mico, social e tecnol\u00f3gico em constante muta\u00e7\u00e3o, a dignidade da pessoa humana oferece um par\u00e2metro de aferi\u00e7\u00e3o do conte\u00fado das mensagens difundidas num mercado cada vez mais globalizado. Daqui decorre tamb\u00e9m o inevit\u00e1vel afastamento da tradicional centralidade do princ\u00edpio da veracidade, que postula a conformidade dos an\u00fancios com a realidade da oferta no que respeita especialmente \u00e0s caracter\u00edsticas dos produtos, como a origem, natureza, composi\u00e7\u00e3o, propriedades e condi\u00e7\u00f5es de aquisi\u00e7\u00e3o.<\/p>\n<p><strong>\u00a0<\/strong><strong>\u2013 ao n\u00edvel dos mecanismos sancionat\u00f3rios<\/strong>: complementarmente \u00e0 interven\u00e7\u00e3o dos organismos de autodisciplina, a publicidade il\u00edcita tem como mecanismos sancionat\u00f3rios a tutela contraordenacional e judicial, nomeadamente com recurso \u00e0 a\u00e7\u00e3o de cessa\u00e7\u00e3o. No entanto, atendendo \u00e0 limita\u00e7\u00e3o da celeridade e da efic\u00e1cia destes mecanismos sancionat\u00f3rios tradicionais, importa hoje reconhecer a relev\u00e2ncia da rea\u00e7\u00e3o espont\u00e2nea do mercado, que se manifesta sobretudo em ambiente digital.<\/p>\n<p>A emerg\u00eancia da sociedade da informa\u00e7\u00e3o corresponde a uma disponibilidade crescente de conte\u00fados relevantes e independentes, conduzindo tendencialmente a uma diminui\u00e7\u00e3o do \u00e2mbito de aplica\u00e7\u00e3o da proibi\u00e7\u00e3o da publicidade enganosa. Ou seja, os pr\u00f3prios consumidores passam agora a garantir autonomamente a prote\u00e7\u00e3o dos seus interesses econ\u00f3micos. \u00c9 tamb\u00e9m neste contexto que a rea\u00e7\u00e3o espont\u00e2nea do mercado integra um relevante mecanismo sancionat\u00f3rio, na medida em que para al\u00e9m de determinar quase sempre a cessa\u00e7\u00e3o volunt\u00e1ria da publicidade il\u00edcita, condiciona as decis\u00f5es de consumo e influencia a perce\u00e7\u00e3o emocional e simb\u00f3lica da marca pelo p\u00fablico em geral, o que pode afetar a reputa\u00e7\u00e3o econ\u00f3mica dos profissionais.<\/p>\n<p>Estes e outros temas ser\u00e3o abordados no curso sobre <a href=\"https:\/\/apan.pt\/academia\/curso\/regulacao-da-publicidade-tudo-deve-saber\/\">regula\u00e7\u00e3o da publicidade<\/a> previsto para o pr\u00f3ximo dia 11 de outubro.<\/p>\n<p>Por: <a href=\"https:\/\/apan.pt\/academia\/author\/anaamorim\/\">Ana Amorim<\/a><\/p>\n","protected":false},"excerpt":{"rendered":"<p>Foi recentemente noticiada a pol\u00e9mica provocada nas redes sociais por um an\u00fancio difundido pela Audi na China. O an\u00fancio comparava as mulheres a carros usados, mostrando um casal pronto para casar quando a m\u00e3e do noivo interrompia a cerim\u00f3nia para analisar a futura nora. A pol\u00e9mica recorda a campanha publicit\u00e1ria da Pepsi sueca, que a&#8230; <\/p>\n<div class=\"clear\"><\/div>\n<p><a href=\"https:\/\/apan.pt\/academia\/regulacao-da-publicidade-ate-continuar-ignorar-mudanca-paradigma\/\" class=\"gdlr-button with-border excerpt-read-more\">Ler Mais<\/a><\/p>\n","protected":false},"author":22,"featured_media":5825,"comment_status":"open","ping_status":"open","sticky":false,"template":"","format":"standard","meta":{"_monsterinsights_skip_tracking":false,"_monsterinsights_sitenote_active":false,"_monsterinsights_sitenote_note":"","_monsterinsights_sitenote_category":0},"categories":[1],"tags":[187,189,177,176,188,175,190],"yoast_head":"<!-- This site is optimized with the Yoast SEO plugin v19.12 - https:\/\/yoast.com\/wordpress\/plugins\/seo\/ -->\n<title>A sustentabilidade e o desenvolvimento de novos produtos<\/title>\n<meta name=\"description\" content=\"Quem saber quais s\u00e3o os aspectos a ter em aten\u00e7\u00e3o na sustentabilidade e desenvolvimento de novos produtos? Ent\u00e3o veja j\u00e1 o artigo da Carolina Afonso..\" \/>\n<meta name=\"robots\" content=\"index, follow, max-snippet:-1, max-image-preview:large, max-video-preview:-1\" \/>\n<link rel=\"canonical\" href=\"https:\/\/apan.pt\/academia\/regulacao-da-publicidade-ate-continuar-ignorar-mudanca-paradigma\/\" \/>\n<meta property=\"og:locale\" content=\"pt_PT\" \/>\n<meta property=\"og:type\" content=\"article\" \/>\n<meta property=\"og:title\" content=\"A sustentabilidade e o desenvolvimento de novos produtos\" \/>\n<meta property=\"og:description\" content=\"Quem saber quais s\u00e3o os aspectos a ter em aten\u00e7\u00e3o na sustentabilidade e desenvolvimento de novos produtos? Ent\u00e3o veja j\u00e1 o artigo da Carolina Afonso..\" \/>\n<meta property=\"og:url\" content=\"https:\/\/apan.pt\/academia\/regulacao-da-publicidade-ate-continuar-ignorar-mudanca-paradigma\/\" \/>\n<meta property=\"og:site_name\" content=\"Academia APAN\" \/>\n<meta property=\"article:publisher\" content=\"https:\/\/www.facebook.com\/academiaapan\/?epa=SEARCH_BOX\" \/>\n<meta property=\"article:published_time\" content=\"2017-09-25T13:24:21+00:00\" \/>\n<meta property=\"article:modified_time\" content=\"2017-09-25T14:00:21+00:00\" \/>\n<meta property=\"og:image\" content=\"https:\/\/apan.pt\/academia\/wp-content\/uploads\/2017\/09\/mudanca-paradigma-regulacao-publicidade.jpg\" \/>\n\t<meta property=\"og:image:width\" content=\"900\" \/>\n\t<meta property=\"og:image:height\" content=\"450\" \/>\n\t<meta property=\"og:image:type\" content=\"image\/jpeg\" \/>\n<meta name=\"author\" content=\"Academia APAN\" \/>\n<meta name=\"twitter:card\" content=\"summary_large_image\" \/>\n<meta name=\"twitter:label1\" content=\"Escrito por\" \/>\n\t<meta name=\"twitter:data1\" content=\"Academia APAN\" \/>\n\t<meta name=\"twitter:label2\" content=\"Tempo estimado de leitura\" \/>\n\t<meta name=\"twitter:data2\" content=\"3 minutos\" \/>\n<script type=\"application\/ld+json\" class=\"yoast-schema-graph\">{\"@context\":\"https:\/\/schema.org\",\"@graph\":[{\"@type\":\"WebPage\",\"@id\":\"https:\/\/apan.pt\/academia\/regulacao-da-publicidade-ate-continuar-ignorar-mudanca-paradigma\/\",\"url\":\"https:\/\/apan.pt\/academia\/regulacao-da-publicidade-ate-continuar-ignorar-mudanca-paradigma\/\",\"name\":\"A sustentabilidade e o desenvolvimento de novos produtos\",\"isPartOf\":{\"@id\":\"https:\/\/apan.pt\/academia\/#website\"},\"datePublished\":\"2017-09-25T13:24:21+00:00\",\"dateModified\":\"2017-09-25T14:00:21+00:00\",\"author\":{\"@id\":\"https:\/\/apan.pt\/academia\/#\/schema\/person\/b1697c1faa517f40a1bc4e523fddb99e\"},\"description\":\"Quem saber quais s\u00e3o os aspectos a ter em aten\u00e7\u00e3o na sustentabilidade e desenvolvimento de novos produtos? Ent\u00e3o veja j\u00e1 o artigo da Carolina Afonso..\",\"breadcrumb\":{\"@id\":\"https:\/\/apan.pt\/academia\/regulacao-da-publicidade-ate-continuar-ignorar-mudanca-paradigma\/#breadcrumb\"},\"inLanguage\":\"pt-PT\",\"potentialAction\":[{\"@type\":\"ReadAction\",\"target\":[\"https:\/\/apan.pt\/academia\/regulacao-da-publicidade-ate-continuar-ignorar-mudanca-paradigma\/\"]}]},{\"@type\":\"BreadcrumbList\",\"@id\":\"https:\/\/apan.pt\/academia\/regulacao-da-publicidade-ate-continuar-ignorar-mudanca-paradigma\/#breadcrumb\",\"itemListElement\":[{\"@type\":\"ListItem\",\"position\":1,\"name\":\"In\u00edcio\",\"item\":\"https:\/\/apan.pt\/academia\/\"},{\"@type\":\"ListItem\",\"position\":2,\"name\":\"Regula\u00e7\u00e3o da publicidade: at\u00e9 quando vamos continuar a ignorar a mudan\u00e7a de paradigma?\"}]},{\"@type\":\"WebSite\",\"@id\":\"https:\/\/apan.pt\/academia\/#website\",\"url\":\"https:\/\/apan.pt\/academia\/\",\"name\":\"Academia APAN\",\"description\":\"Ensina quem sabe\",\"potentialAction\":[{\"@type\":\"SearchAction\",\"target\":{\"@type\":\"EntryPoint\",\"urlTemplate\":\"https:\/\/apan.pt\/academia\/?s={search_term_string}\"},\"query-input\":\"required name=search_term_string\"}],\"inLanguage\":\"pt-PT\"},{\"@type\":\"Person\",\"@id\":\"https:\/\/apan.pt\/academia\/#\/schema\/person\/b1697c1faa517f40a1bc4e523fddb99e\",\"name\":\"Academia APAN\",\"image\":{\"@type\":\"ImageObject\",\"inLanguage\":\"pt-PT\",\"@id\":\"https:\/\/apan.pt\/academia\/#\/schema\/person\/image\/\",\"url\":\"https:\/\/secure.gravatar.com\/avatar\/08dc5f6a05ca3202054c34236b122087?s=96&d=mm&r=g\",\"contentUrl\":\"https:\/\/secure.gravatar.com\/avatar\/08dc5f6a05ca3202054c34236b122087?s=96&d=mm&r=g\",\"caption\":\"Academia APAN\"},\"url\":\"https:\/\/apan.pt\/academia\/author\/apan\/\"}]}<\/script>\n<!-- \/ Yoast SEO plugin. -->","yoast_head_json":{"title":"A sustentabilidade e o desenvolvimento de novos produtos","description":"Quem saber quais s\u00e3o os aspectos a ter em aten\u00e7\u00e3o na sustentabilidade e desenvolvimento de novos produtos? Ent\u00e3o veja j\u00e1 o artigo da Carolina Afonso..","robots":{"index":"index","follow":"follow","max-snippet":"max-snippet:-1","max-image-preview":"max-image-preview:large","max-video-preview":"max-video-preview:-1"},"canonical":"https:\/\/apan.pt\/academia\/regulacao-da-publicidade-ate-continuar-ignorar-mudanca-paradigma\/","og_locale":"pt_PT","og_type":"article","og_title":"A sustentabilidade e o desenvolvimento de novos produtos","og_description":"Quem saber quais s\u00e3o os aspectos a ter em aten\u00e7\u00e3o na sustentabilidade e desenvolvimento de novos produtos? Ent\u00e3o veja j\u00e1 o artigo da Carolina Afonso..","og_url":"https:\/\/apan.pt\/academia\/regulacao-da-publicidade-ate-continuar-ignorar-mudanca-paradigma\/","og_site_name":"Academia APAN","article_publisher":"https:\/\/www.facebook.com\/academiaapan\/?epa=SEARCH_BOX","article_published_time":"2017-09-25T13:24:21+00:00","article_modified_time":"2017-09-25T14:00:21+00:00","og_image":[{"width":900,"height":450,"url":"https:\/\/apan.pt\/academia\/wp-content\/uploads\/2017\/09\/mudanca-paradigma-regulacao-publicidade.jpg","type":"image\/jpeg"}],"author":"Academia APAN","twitter_card":"summary_large_image","twitter_misc":{"Escrito por":"Academia APAN","Tempo estimado de leitura":"3 minutos"},"schema":{"@context":"https:\/\/schema.org","@graph":[{"@type":"WebPage","@id":"https:\/\/apan.pt\/academia\/regulacao-da-publicidade-ate-continuar-ignorar-mudanca-paradigma\/","url":"https:\/\/apan.pt\/academia\/regulacao-da-publicidade-ate-continuar-ignorar-mudanca-paradigma\/","name":"A sustentabilidade e o desenvolvimento de novos produtos","isPartOf":{"@id":"https:\/\/apan.pt\/academia\/#website"},"datePublished":"2017-09-25T13:24:21+00:00","dateModified":"2017-09-25T14:00:21+00:00","author":{"@id":"https:\/\/apan.pt\/academia\/#\/schema\/person\/b1697c1faa517f40a1bc4e523fddb99e"},"description":"Quem saber quais s\u00e3o os aspectos a ter em aten\u00e7\u00e3o na sustentabilidade e desenvolvimento de novos produtos? Ent\u00e3o veja j\u00e1 o artigo da Carolina Afonso..","breadcrumb":{"@id":"https:\/\/apan.pt\/academia\/regulacao-da-publicidade-ate-continuar-ignorar-mudanca-paradigma\/#breadcrumb"},"inLanguage":"pt-PT","potentialAction":[{"@type":"ReadAction","target":["https:\/\/apan.pt\/academia\/regulacao-da-publicidade-ate-continuar-ignorar-mudanca-paradigma\/"]}]},{"@type":"BreadcrumbList","@id":"https:\/\/apan.pt\/academia\/regulacao-da-publicidade-ate-continuar-ignorar-mudanca-paradigma\/#breadcrumb","itemListElement":[{"@type":"ListItem","position":1,"name":"In\u00edcio","item":"https:\/\/apan.pt\/academia\/"},{"@type":"ListItem","position":2,"name":"Regula\u00e7\u00e3o da publicidade: at\u00e9 quando vamos continuar a ignorar a mudan\u00e7a de paradigma?"}]},{"@type":"WebSite","@id":"https:\/\/apan.pt\/academia\/#website","url":"https:\/\/apan.pt\/academia\/","name":"Academia APAN","description":"Ensina quem sabe","potentialAction":[{"@type":"SearchAction","target":{"@type":"EntryPoint","urlTemplate":"https:\/\/apan.pt\/academia\/?s={search_term_string}"},"query-input":"required name=search_term_string"}],"inLanguage":"pt-PT"},{"@type":"Person","@id":"https:\/\/apan.pt\/academia\/#\/schema\/person\/b1697c1faa517f40a1bc4e523fddb99e","name":"Academia APAN","image":{"@type":"ImageObject","inLanguage":"pt-PT","@id":"https:\/\/apan.pt\/academia\/#\/schema\/person\/image\/","url":"https:\/\/secure.gravatar.com\/avatar\/08dc5f6a05ca3202054c34236b122087?s=96&d=mm&r=g","contentUrl":"https:\/\/secure.gravatar.com\/avatar\/08dc5f6a05ca3202054c34236b122087?s=96&d=mm&r=g","caption":"Academia APAN"},"url":"https:\/\/apan.pt\/academia\/author\/apan\/"}]}},"_links":{"self":[{"href":"https:\/\/apan.pt\/academia\/wp-json\/wp\/v2\/posts\/5820"}],"collection":[{"href":"https:\/\/apan.pt\/academia\/wp-json\/wp\/v2\/posts"}],"about":[{"href":"https:\/\/apan.pt\/academia\/wp-json\/wp\/v2\/types\/post"}],"author":[{"embeddable":true,"href":"https:\/\/apan.pt\/academia\/wp-json\/wp\/v2\/users\/22"}],"replies":[{"embeddable":true,"href":"https:\/\/apan.pt\/academia\/wp-json\/wp\/v2\/comments?post=5820"}],"version-history":[{"count":4,"href":"https:\/\/apan.pt\/academia\/wp-json\/wp\/v2\/posts\/5820\/revisions"}],"predecessor-version":[{"id":5827,"href":"https:\/\/apan.pt\/academia\/wp-json\/wp\/v2\/posts\/5820\/revisions\/5827"}],"wp:featuredmedia":[{"embeddable":true,"href":"https:\/\/apan.pt\/academia\/wp-json\/wp\/v2\/media\/5825"}],"wp:attachment":[{"href":"https:\/\/apan.pt\/academia\/wp-json\/wp\/v2\/media?parent=5820"}],"wp:term":[{"taxonomy":"category","embeddable":true,"href":"https:\/\/apan.pt\/academia\/wp-json\/wp\/v2\/categories?post=5820"},{"taxonomy":"post_tag","embeddable":true,"href":"https:\/\/apan.pt\/academia\/wp-json\/wp\/v2\/tags?post=5820"}],"curies":[{"name":"wp","href":"https:\/\/api.w.org\/{rel}","templated":true}]}}