{"id":7578,"date":"2019-08-29T12:21:20","date_gmt":"2019-08-29T11:21:20","guid":{"rendered":"https:\/\/apan.pt\/academia\/?p=7578"},"modified":"2019-08-29T12:21:46","modified_gmt":"2019-08-29T11:21:46","slug":"este-e-que-e-o-ano-do-video","status":"publish","type":"post","link":"https:\/\/apan.pt\/academia\/este-e-que-e-o-ano-do-video\/","title":{"rendered":"\u201cEste\u201d \u00e9 que \u00e9 o ano do v\u00eddeo"},"content":{"rendered":"<p style=\"text-align: left;\">Ouvimos ano ap\u00f3s ano que \u201ceste\u201d ser\u00e1 o ano do v\u00eddeo, contudo constantemente vemos que as marcas continuam a n\u00e3o apostar no v\u00eddeo como uma das formas de captar a aten\u00e7\u00e3o dos utilizadores e n\u00e3o lhe d\u00e3o o devido cr\u00e9dito. Estas marcas preferem ir pelo caminho mais f\u00e1cil, se \u00e9 que lhe podemos chamar assim, e apostar em outros tipos de conte\u00fados que s\u00e3o mais facilmente trabalhados. Mas ser\u00e1 que se as marcas n\u00e3o apostam no v\u00eddeo \u00e9 porque n\u00e3o \u00e9 importante? Errado!<\/p>\n<p style=\"text-align: left;\">O p\u00fablico jovem, nomeadamente a gera\u00e7\u00e3o Z, come\u00e7a a migrar da televis\u00e3o para o YouTube, dando-lhes a liberdade de verem o que querem, quem quiserem e quando quiserem.<\/p>\n<p style=\"text-align: left;\">Mas n\u00e3o \u00e9 apenas a gera\u00e7\u00e3o Z que frequenta o YouTube, como \u00e9 \u00f3bvio. Sendo a maior plataforma de partilha de v\u00eddeos no mundo, s\u00e3o todas as gera\u00e7\u00f5es que procuram no YouTube informa\u00e7\u00e3o, entretenimento ou at\u00e9 mesmo educarem-se sobre alguma tem\u00e1tica.<\/p>\n<p style=\"text-align: left;\">\u00c9 por isso que \u00e9 cada vez mais importante ter uma vis\u00e3o 360\u00ba sobre as potencialidades que o YouTube poder\u00e1 ter para as diferentes organiza\u00e7\u00f5es, e como \u00e9 que poderemos delinear uma estrat\u00e9gia para ganhar tra\u00e7\u00e3o e chegar a novos p\u00fablicos, trabalhar a notoriedade das marcas e ser parte integrante de uma estrat\u00e9gia de marketing 360\u00ba com foco no digital.<\/p>\n<p style=\"text-align: left;\">Mas o que \u00e9 que \u00e9 preciso para trabalhar uma estrat\u00e9gia no YouTube? \u00c9 preciso fazer o mesmo que fizemos para qualquer outra rede. Saber quem somos, onde estamos, para onde queremos ir e quem queremos levar connosco. Como \u00e9 \u00f3bvio, quem queremos levar connosco \u00e9 a nossa audi\u00eancia, que sobretudo no YouTube gosto de lhe apelidar de comunidade, pois \u00e9 aqui que conseguimos construir os advogados da marca atrav\u00e9s de um conte\u00fado diferenciador, capaz de reter a aten\u00e7\u00e3o do utilizador por um per\u00edodo de tempo mais longo, o que j\u00e1 se sabe que no digital \u00e9 cada vez mais dif\u00edcil!<\/p>\n<p style=\"text-align: left;\">A estrat\u00e9gia que iremos prolongar no YouTube dever\u00e1 ser disruptiva o suficiente para conseguir converter os utilizadores que navegam por esta rede social em subscritores do nosso canal e \u00e9 nesta forma\u00e7\u00e3o que iremos trabalhar essa abordagem: como consigo novos subscritores? Ser\u00e3o os meus conte\u00fados suficientemente apelativos e adequados \u00e0 plataforma? Que ferramentas preciso para criar esses conte\u00fados e quem me ir\u00e1 auxiliar na cria\u00e7\u00e3o desses conte\u00fados?<\/p>\n<p style=\"text-align: left;\">Mas estar no YouTube n\u00e3o \u00e9 por si s\u00f3 suficiente, pelo que trabalhar outras redes sociais \u00e9 uma mais valia. Mas como \u00e9 que identifico outras redes sociais para a minha organiza\u00e7\u00e3o? \u00c9 atrav\u00e9s destas quest\u00f5es que acredito que o Twitter poder\u00e1 ser um enorme aliado na nossa estrat\u00e9gia, uma rede social cheia de potencial, ainda que n\u00e3o seja bem aproveitada no mercado portugu\u00eas, pois poucos s\u00e3o os (bons) exemplos da sua utiliza\u00e7\u00e3o para a estrat\u00e9gia do neg\u00f3cio.<\/p>\n<p style=\"text-align: left;\">Porque n\u00e3o basta ser bom no digital, \u00e9 preciso ser excelente! Por isso \u00e9 fulcral delinear uma estrat\u00e9gia de conte\u00fados em que mantenha a coer\u00eancia com aquilo que \u00e9 feito no YouTube, e como podem estas duas redes sociais criar sinergias entre elas e ajudarem-se na estrat\u00e9gia de neg\u00f3cio. Quais ser\u00e3o os pilares de conte\u00fado que iremos trabalhar no Twitter que podem, e devem ser trabalhados tamb\u00e9m na estrat\u00e9gia de YouTube? \u00c9 a quest\u00e3o que devemos colocar antes de come\u00e7ar a produzir e a disseminar a informa\u00e7\u00e3o sem ter uma estrat\u00e9gia integrada. \u00c9 por isso que, cada vez mais, falamos de estrat\u00e9gias digitais 360\u00ba e n\u00e3o apenas de estrat\u00e9gias de social media.<\/p>\n<p><a href=\"https:\/\/apan.pt\/academia\/author\/tiagonogueira\/\">Tiago Almeida Nogueira<\/a> formador da Academia \u00a0APAN<\/p>\n<p>Fonte:\u00a0<a href=\"https:\/\/meocloud.pt\/link\/c68e2fbf-c139-415a-b681-20e025a0afae\/Este%20%C3%A9%20que%20%C3%A9%20o%20ano%20do%20v%C3%ADdeo_Briefing_31_08_2019.pdf\/\">Briefing<\/a><\/p>\n","protected":false},"excerpt":{"rendered":"<p>Ouvimos ano ap\u00f3s ano que \u201ceste\u201d ser\u00e1 o ano do v\u00eddeo, contudo constantemente vemos que as marcas continuam a n\u00e3o apostar no v\u00eddeo como uma das formas de captar a aten\u00e7\u00e3o dos utilizadores e n\u00e3o lhe d\u00e3o o devido cr\u00e9dito. Estas marcas preferem ir pelo caminho mais f\u00e1cil, se \u00e9 que lhe podemos chamar assim,&#8230; <\/p>\n<div class=\"clear\"><\/div>\n<p><a href=\"https:\/\/apan.pt\/academia\/este-e-que-e-o-ano-do-video\/\" class=\"gdlr-button with-border excerpt-read-more\">Ler Mais<\/a><\/p>\n","protected":false},"author":22,"featured_media":7581,"comment_status":"open","ping_status":"open","sticky":false,"template":"","format":"standard","meta":{"_monsterinsights_skip_tracking":false,"_monsterinsights_sitenote_active":false,"_monsterinsights_sitenote_note":"","_monsterinsights_sitenote_category":0},"categories":[1],"tags":[397,278,396,359],"yoast_head":"<!-- This site is optimized with the Yoast SEO plugin v19.12 - https:\/\/yoast.com\/wordpress\/plugins\/seo\/ -->\n<title>S\u00edlvia Alves, a an\u00e1lise \u00e0 experi\u00eancia como formadora na Academia APAN<\/title>\n<meta name=\"description\" content=\"S\u00edlvia Alves, copywriter h\u00e1 mais de 15 anos fala da sua experi\u00eancia enquanto formadora na Academia APAN, e da import\u00e2ncia dos conte\u00fado de qualidade.\" \/>\n<meta name=\"robots\" content=\"index, follow, max-snippet:-1, max-image-preview:large, max-video-preview:-1\" \/>\n<link rel=\"canonical\" href=\"https:\/\/apan.pt\/academia\/este-e-que-e-o-ano-do-video\/\" \/>\n<meta property=\"og:locale\" content=\"pt_PT\" \/>\n<meta property=\"og:type\" content=\"article\" \/>\n<meta property=\"og:title\" content=\"S\u00edlvia Alves, a an\u00e1lise \u00e0 experi\u00eancia como formadora na Academia APAN\" \/>\n<meta property=\"og:description\" content=\"S\u00edlvia Alves, copywriter h\u00e1 mais de 15 anos fala da sua experi\u00eancia enquanto formadora na Academia APAN, e da import\u00e2ncia dos conte\u00fado de qualidade.\" \/>\n<meta property=\"og:url\" content=\"https:\/\/apan.pt\/academia\/este-e-que-e-o-ano-do-video\/\" \/>\n<meta property=\"og:site_name\" content=\"Academia APAN\" \/>\n<meta property=\"article:publisher\" content=\"https:\/\/www.facebook.com\/academiaapan\/?epa=SEARCH_BOX\" \/>\n<meta property=\"article:published_time\" content=\"2019-08-29T11:21:20+00:00\" \/>\n<meta property=\"article:modified_time\" content=\"2019-08-29T11:21:46+00:00\" \/>\n<meta property=\"og:image\" content=\"https:\/\/apan.pt\/academia\/wp-content\/uploads\/2019\/08\/tiago-nogueira.jpg\" \/>\n\t<meta property=\"og:image:width\" content=\"2048\" \/>\n\t<meta property=\"og:image:height\" content=\"1365\" \/>\n\t<meta property=\"og:image:type\" content=\"image\/jpeg\" \/>\n<meta name=\"author\" content=\"Academia APAN\" \/>\n<meta name=\"twitter:card\" content=\"summary_large_image\" \/>\n<meta name=\"twitter:label1\" content=\"Escrito por\" \/>\n\t<meta name=\"twitter:data1\" content=\"Academia APAN\" \/>\n\t<meta name=\"twitter:label2\" content=\"Tempo estimado de leitura\" \/>\n\t<meta name=\"twitter:data2\" content=\"3 minutos\" \/>\n<script type=\"application\/ld+json\" class=\"yoast-schema-graph\">{\"@context\":\"https:\/\/schema.org\",\"@graph\":[{\"@type\":\"WebPage\",\"@id\":\"https:\/\/apan.pt\/academia\/este-e-que-e-o-ano-do-video\/\",\"url\":\"https:\/\/apan.pt\/academia\/este-e-que-e-o-ano-do-video\/\",\"name\":\"S\u00edlvia Alves, a an\u00e1lise \u00e0 experi\u00eancia como formadora na Academia APAN\",\"isPartOf\":{\"@id\":\"https:\/\/apan.pt\/academia\/#website\"},\"datePublished\":\"2019-08-29T11:21:20+00:00\",\"dateModified\":\"2019-08-29T11:21:46+00:00\",\"author\":{\"@id\":\"https:\/\/apan.pt\/academia\/#\/schema\/person\/b1697c1faa517f40a1bc4e523fddb99e\"},\"description\":\"S\u00edlvia Alves, copywriter h\u00e1 mais de 15 anos fala da sua experi\u00eancia enquanto formadora na Academia APAN, e da import\u00e2ncia dos conte\u00fado de qualidade.\",\"breadcrumb\":{\"@id\":\"https:\/\/apan.pt\/academia\/este-e-que-e-o-ano-do-video\/#breadcrumb\"},\"inLanguage\":\"pt-PT\",\"potentialAction\":[{\"@type\":\"ReadAction\",\"target\":[\"https:\/\/apan.pt\/academia\/este-e-que-e-o-ano-do-video\/\"]}]},{\"@type\":\"BreadcrumbList\",\"@id\":\"https:\/\/apan.pt\/academia\/este-e-que-e-o-ano-do-video\/#breadcrumb\",\"itemListElement\":[{\"@type\":\"ListItem\",\"position\":1,\"name\":\"In\u00edcio\",\"item\":\"https:\/\/apan.pt\/academia\/\"},{\"@type\":\"ListItem\",\"position\":2,\"name\":\"\u201cEste\u201d \u00e9 que \u00e9 o ano do v\u00eddeo\"}]},{\"@type\":\"WebSite\",\"@id\":\"https:\/\/apan.pt\/academia\/#website\",\"url\":\"https:\/\/apan.pt\/academia\/\",\"name\":\"Academia APAN\",\"description\":\"Ensina quem sabe\",\"potentialAction\":[{\"@type\":\"SearchAction\",\"target\":{\"@type\":\"EntryPoint\",\"urlTemplate\":\"https:\/\/apan.pt\/academia\/?s={search_term_string}\"},\"query-input\":\"required name=search_term_string\"}],\"inLanguage\":\"pt-PT\"},{\"@type\":\"Person\",\"@id\":\"https:\/\/apan.pt\/academia\/#\/schema\/person\/b1697c1faa517f40a1bc4e523fddb99e\",\"name\":\"Academia APAN\",\"image\":{\"@type\":\"ImageObject\",\"inLanguage\":\"pt-PT\",\"@id\":\"https:\/\/apan.pt\/academia\/#\/schema\/person\/image\/\",\"url\":\"https:\/\/secure.gravatar.com\/avatar\/08dc5f6a05ca3202054c34236b122087?s=96&d=mm&r=g\",\"contentUrl\":\"https:\/\/secure.gravatar.com\/avatar\/08dc5f6a05ca3202054c34236b122087?s=96&d=mm&r=g\",\"caption\":\"Academia APAN\"},\"url\":\"https:\/\/apan.pt\/academia\/author\/apan\/\"}]}<\/script>\n<!-- \/ Yoast SEO plugin. -->","yoast_head_json":{"title":"S\u00edlvia Alves, a an\u00e1lise \u00e0 experi\u00eancia como formadora na Academia APAN","description":"S\u00edlvia Alves, copywriter h\u00e1 mais de 15 anos fala da sua experi\u00eancia enquanto formadora na Academia APAN, e da import\u00e2ncia dos conte\u00fado de qualidade.","robots":{"index":"index","follow":"follow","max-snippet":"max-snippet:-1","max-image-preview":"max-image-preview:large","max-video-preview":"max-video-preview:-1"},"canonical":"https:\/\/apan.pt\/academia\/este-e-que-e-o-ano-do-video\/","og_locale":"pt_PT","og_type":"article","og_title":"S\u00edlvia Alves, a an\u00e1lise \u00e0 experi\u00eancia como formadora na Academia APAN","og_description":"S\u00edlvia Alves, copywriter h\u00e1 mais de 15 anos fala da sua experi\u00eancia enquanto formadora na Academia APAN, e da import\u00e2ncia dos conte\u00fado de qualidade.","og_url":"https:\/\/apan.pt\/academia\/este-e-que-e-o-ano-do-video\/","og_site_name":"Academia APAN","article_publisher":"https:\/\/www.facebook.com\/academiaapan\/?epa=SEARCH_BOX","article_published_time":"2019-08-29T11:21:20+00:00","article_modified_time":"2019-08-29T11:21:46+00:00","og_image":[{"width":2048,"height":1365,"url":"https:\/\/apan.pt\/academia\/wp-content\/uploads\/2019\/08\/tiago-nogueira.jpg","type":"image\/jpeg"}],"author":"Academia APAN","twitter_card":"summary_large_image","twitter_misc":{"Escrito por":"Academia APAN","Tempo estimado de leitura":"3 minutos"},"schema":{"@context":"https:\/\/schema.org","@graph":[{"@type":"WebPage","@id":"https:\/\/apan.pt\/academia\/este-e-que-e-o-ano-do-video\/","url":"https:\/\/apan.pt\/academia\/este-e-que-e-o-ano-do-video\/","name":"S\u00edlvia Alves, a an\u00e1lise \u00e0 experi\u00eancia como formadora na Academia APAN","isPartOf":{"@id":"https:\/\/apan.pt\/academia\/#website"},"datePublished":"2019-08-29T11:21:20+00:00","dateModified":"2019-08-29T11:21:46+00:00","author":{"@id":"https:\/\/apan.pt\/academia\/#\/schema\/person\/b1697c1faa517f40a1bc4e523fddb99e"},"description":"S\u00edlvia Alves, copywriter h\u00e1 mais de 15 anos fala da sua experi\u00eancia enquanto formadora na Academia APAN, e da import\u00e2ncia dos conte\u00fado de qualidade.","breadcrumb":{"@id":"https:\/\/apan.pt\/academia\/este-e-que-e-o-ano-do-video\/#breadcrumb"},"inLanguage":"pt-PT","potentialAction":[{"@type":"ReadAction","target":["https:\/\/apan.pt\/academia\/este-e-que-e-o-ano-do-video\/"]}]},{"@type":"BreadcrumbList","@id":"https:\/\/apan.pt\/academia\/este-e-que-e-o-ano-do-video\/#breadcrumb","itemListElement":[{"@type":"ListItem","position":1,"name":"In\u00edcio","item":"https:\/\/apan.pt\/academia\/"},{"@type":"ListItem","position":2,"name":"\u201cEste\u201d \u00e9 que \u00e9 o ano do v\u00eddeo"}]},{"@type":"WebSite","@id":"https:\/\/apan.pt\/academia\/#website","url":"https:\/\/apan.pt\/academia\/","name":"Academia APAN","description":"Ensina quem sabe","potentialAction":[{"@type":"SearchAction","target":{"@type":"EntryPoint","urlTemplate":"https:\/\/apan.pt\/academia\/?s={search_term_string}"},"query-input":"required name=search_term_string"}],"inLanguage":"pt-PT"},{"@type":"Person","@id":"https:\/\/apan.pt\/academia\/#\/schema\/person\/b1697c1faa517f40a1bc4e523fddb99e","name":"Academia APAN","image":{"@type":"ImageObject","inLanguage":"pt-PT","@id":"https:\/\/apan.pt\/academia\/#\/schema\/person\/image\/","url":"https:\/\/secure.gravatar.com\/avatar\/08dc5f6a05ca3202054c34236b122087?s=96&d=mm&r=g","contentUrl":"https:\/\/secure.gravatar.com\/avatar\/08dc5f6a05ca3202054c34236b122087?s=96&d=mm&r=g","caption":"Academia APAN"},"url":"https:\/\/apan.pt\/academia\/author\/apan\/"}]}},"_links":{"self":[{"href":"https:\/\/apan.pt\/academia\/wp-json\/wp\/v2\/posts\/7578"}],"collection":[{"href":"https:\/\/apan.pt\/academia\/wp-json\/wp\/v2\/posts"}],"about":[{"href":"https:\/\/apan.pt\/academia\/wp-json\/wp\/v2\/types\/post"}],"author":[{"embeddable":true,"href":"https:\/\/apan.pt\/academia\/wp-json\/wp\/v2\/users\/22"}],"replies":[{"embeddable":true,"href":"https:\/\/apan.pt\/academia\/wp-json\/wp\/v2\/comments?post=7578"}],"version-history":[{"count":5,"href":"https:\/\/apan.pt\/academia\/wp-json\/wp\/v2\/posts\/7578\/revisions"}],"predecessor-version":[{"id":7584,"href":"https:\/\/apan.pt\/academia\/wp-json\/wp\/v2\/posts\/7578\/revisions\/7584"}],"wp:featuredmedia":[{"embeddable":true,"href":"https:\/\/apan.pt\/academia\/wp-json\/wp\/v2\/media\/7581"}],"wp:attachment":[{"href":"https:\/\/apan.pt\/academia\/wp-json\/wp\/v2\/media?parent=7578"}],"wp:term":[{"taxonomy":"category","embeddable":true,"href":"https:\/\/apan.pt\/academia\/wp-json\/wp\/v2\/categories?post=7578"},{"taxonomy":"post_tag","embeddable":true,"href":"https:\/\/apan.pt\/academia\/wp-json\/wp\/v2\/tags?post=7578"}],"curies":[{"name":"wp","href":"https:\/\/api.w.org\/{rel}","templated":true}]}}