{"id":8370,"date":"2020-09-23T08:53:09","date_gmt":"2020-09-23T07:53:09","guid":{"rendered":"https:\/\/apan.pt\/academia\/?p=8370"},"modified":"2020-09-28T12:18:03","modified_gmt":"2020-09-28T11:18:03","slug":"tiktok-deve-a-sua-empresa-marcar-presenca","status":"publish","type":"post","link":"https:\/\/apan.pt\/academia\/tiktok-deve-a-sua-empresa-marcar-presenca\/","title":{"rendered":"TikTok: Deve a sua empresa marcar presen\u00e7a?"},"content":{"rendered":"<p>TikTok: o novo desafio para as empresas nas redes sociais.<\/p>\n<p>Um dos grandes dilemas das empresas, na constante procura de se aproximar dos seus p\u00fablicos, da sua audi\u00eancia, \u00e9 decidir sobre a utiliza\u00e7\u00e3o de redes sociais, e sobre quais utilizar. A entrada do TikTok no baralho obriga-nos a rever estrat\u00e9gias, baralhar as cartas e voltar a distribuir, para perceber o impacto que poderemos causar sobre a nossa audi\u00eancia.<\/p>\n<p>Estamos todos de acordo quando afirmamos que a onda das redes sociais n\u00e3o se vai embora como t\u00e3o cedo, certo? O p\u00fablico vai navegando na internet, mantendo a sua fideliza\u00e7\u00e3o a uma ou outra rede social, mas sempre procurando novas experi\u00eancias. As empresas devem manter-se atentas a esta flutua\u00e7\u00e3o de p\u00fablicos sobre as redes sociais. Esta aten\u00e7\u00e3o dada aos comportamentos dos utilizadores permite-nos acompanhar a evolu\u00e7\u00e3o de tend\u00eancias, prever comportamentos e marcar presen\u00e7a nas redes onde poderemos de facto impactar o nosso p\u00fablico, procurando uma rela\u00e7\u00e3o de proximidade, humanizando a marca e mantendo uma posi\u00e7\u00e3o de top-of-mind junto desse p\u00fablico.<\/p>\n<p>Para as marcas, \u00e9 verdadeiramente importante um conhecimento profundo sobre os seus p\u00fablicos, de forma a identificar tend\u00eancias e comportamentos que nos auxiliam na sele\u00e7\u00e3o dos principais canais de comunica\u00e7\u00e3o a utilizar, para aumentar o <em>engagement<\/em> e potenciar um aumento de vendas ou gera\u00e7\u00e3o de leads. Uma presen\u00e7a em redes sociais deve fazer sentido, tal com deve fazer sentido qualquer iniciativa de comunica\u00e7\u00e3o, nos diversos canais \u00e0 disposi\u00e7\u00e3o da marca.<\/p>\n<p>\u00c9 com este pensamento bem presente, que chegamos \u00e0 an\u00e1lise da rede social do momento: o TikTok. S\u00e3o ineg\u00e1veis a evolu\u00e7\u00e3o e o sucesso que esta (nova) rede social tem atingido todos os dias. Desenvolvida em apenas 200 dias, pela ByteDance, com o nome original de Duyin, esta aplica\u00e7\u00e3o chegou a 1 milh\u00e3o de utilizadores em apenas 365 dias ap\u00f3s o seu lan\u00e7amento. Reconhecendo que o seu p\u00fablico inicial seria insuficiente para os objetivos tra\u00e7ados, o Duyin internacionalizou-se sob o nome de TikTok. Com um foco em produ\u00e7\u00e3o e partilha de conte\u00fados em v\u00eddeo, o TikTok conquistou a sua fatia de mercado, com fi\u00e9is utilizadores, atingindo o mercado das redes sociais com uma for\u00e7a apenas compar\u00e1vel \u00e0 chegada do Facebook.<\/p>\n<p>Claro que, tal como qualquer outra rede social, o TikTok poder\u00e1 revelar-se mais adequado para determinadas marcas, ou empresas, o que faz com que o conhecimento sobre esta rede social se revista de uma import\u00e2ncia ainda maior, no sentido de otimizar esfor\u00e7os de comunica\u00e7\u00e3o e investimento.<\/p>\n<p>A forma\u00e7\u00e3o de TikTok para empresas, apresentada pela APAN, adquire assim um valor acrescentado, na medida em que poder\u00e1 transmitir o conhecimento necess\u00e1rio para que a sua empresa ou a sua marca, d\u00ea os primeiros passos e otimize a sua presen\u00e7a nesta rede social, ou obtenha informa\u00e7\u00e3o suficiente para efetivamente identificar se o esfor\u00e7o de comunica\u00e7\u00e3o nesta rede ir\u00e1 corresponder \u00e0s espectativas ou objetivos tra\u00e7ados pela sua estrat\u00e9gia de comunica\u00e7\u00e3o.<\/p>\n<p><a href=\"https:\/\/apan.pt\/academia\/author\/gilbertopereira\/\">Gilberto Pereira<\/a><\/p>\n","protected":false},"excerpt":{"rendered":"<p>TikTok: o novo desafio para as empresas nas redes sociais. Um dos grandes dilemas das empresas, na constante procura de se aproximar dos seus p\u00fablicos, da sua audi\u00eancia, \u00e9 decidir sobre a utiliza\u00e7\u00e3o de redes sociais, e sobre quais utilizar. A entrada do TikTok no baralho obriga-nos a rever estrat\u00e9gias, baralhar as cartas e voltar&#8230; <\/p>\n<div class=\"clear\"><\/div>\n<p><a href=\"https:\/\/apan.pt\/academia\/tiktok-deve-a-sua-empresa-marcar-presenca\/\" class=\"gdlr-button with-border excerpt-read-more\">Ler Mais<\/a><\/p>\n","protected":false},"author":22,"featured_media":8372,"comment_status":"open","ping_status":"open","sticky":false,"template":"","format":"standard","meta":{"_monsterinsights_skip_tracking":false,"_monsterinsights_sitenote_active":false,"_monsterinsights_sitenote_note":"","_monsterinsights_sitenote_category":0},"categories":[1],"tags":[248,247,434,398,435],"yoast_head":"<!-- This site is optimized with the Yoast SEO plugin v19.12 - https:\/\/yoast.com\/wordpress\/plugins\/seo\/ -->\n<title>TikTok: Deve a sua empresa marcar presen\u00e7a? \u2013 APAN, Blog.<\/title>\n<meta name=\"description\" content=\"o TikTok \u00e9 a rede social do momento. Gilberto Pereira, diretor de opera\u00e7\u00f5es na MindSEO, diz-nos porque deve considerar o TikTok para a comunica\u00e7\u00e3o da sua empresa.\" \/>\n<meta name=\"robots\" content=\"index, follow, max-snippet:-1, max-image-preview:large, max-video-preview:-1\" \/>\n<link rel=\"canonical\" href=\"https:\/\/apan.pt\/academia\/tiktok-deve-a-sua-empresa-marcar-presenca\/\" \/>\n<meta property=\"og:locale\" content=\"pt_PT\" \/>\n<meta property=\"og:type\" content=\"article\" \/>\n<meta property=\"og:title\" content=\"TikTok: Deve a sua empresa marcar presen\u00e7a? \u2013 APAN, Blog.\" \/>\n<meta property=\"og:description\" content=\"o TikTok \u00e9 a rede social do momento. Gilberto Pereira, diretor de opera\u00e7\u00f5es na MindSEO, diz-nos porque deve considerar o TikTok para a comunica\u00e7\u00e3o da sua empresa.\" \/>\n<meta property=\"og:url\" content=\"https:\/\/apan.pt\/academia\/tiktok-deve-a-sua-empresa-marcar-presenca\/\" \/>\n<meta property=\"og:site_name\" content=\"Academia APAN\" \/>\n<meta property=\"article:publisher\" content=\"https:\/\/www.facebook.com\/academiaapan\/?epa=SEARCH_BOX\" \/>\n<meta property=\"article:published_time\" content=\"2020-09-23T07:53:09+00:00\" \/>\n<meta property=\"article:modified_time\" content=\"2020-09-28T11:18:03+00:00\" \/>\n<meta property=\"og:image\" content=\"https:\/\/apan.pt\/academia\/wp-content\/uploads\/2020\/09\/gilberto-pereira-mindseo-v2.jpg\" \/>\n\t<meta property=\"og:image:width\" content=\"900\" \/>\n\t<meta property=\"og:image:height\" content=\"450\" \/>\n\t<meta property=\"og:image:type\" content=\"image\/jpeg\" \/>\n<meta name=\"author\" content=\"Academia APAN\" \/>\n<meta name=\"twitter:card\" content=\"summary_large_image\" \/>\n<meta name=\"twitter:label1\" content=\"Escrito por\" \/>\n\t<meta name=\"twitter:data1\" content=\"Academia APAN\" \/>\n\t<meta name=\"twitter:label2\" content=\"Tempo estimado de leitura\" \/>\n\t<meta name=\"twitter:data2\" content=\"3 minutos\" \/>\n<script type=\"application\/ld+json\" class=\"yoast-schema-graph\">{\"@context\":\"https:\/\/schema.org\",\"@graph\":[{\"@type\":\"WebPage\",\"@id\":\"https:\/\/apan.pt\/academia\/tiktok-deve-a-sua-empresa-marcar-presenca\/\",\"url\":\"https:\/\/apan.pt\/academia\/tiktok-deve-a-sua-empresa-marcar-presenca\/\",\"name\":\"TikTok: Deve a sua empresa marcar presen\u00e7a? \u2013 APAN, Blog.\",\"isPartOf\":{\"@id\":\"https:\/\/apan.pt\/academia\/#website\"},\"datePublished\":\"2020-09-23T07:53:09+00:00\",\"dateModified\":\"2020-09-28T11:18:03+00:00\",\"author\":{\"@id\":\"https:\/\/apan.pt\/academia\/#\/schema\/person\/b1697c1faa517f40a1bc4e523fddb99e\"},\"description\":\"o TikTok \u00e9 a rede social do momento. Gilberto Pereira, diretor de opera\u00e7\u00f5es na MindSEO, diz-nos porque deve considerar o TikTok para a comunica\u00e7\u00e3o da sua empresa.\",\"breadcrumb\":{\"@id\":\"https:\/\/apan.pt\/academia\/tiktok-deve-a-sua-empresa-marcar-presenca\/#breadcrumb\"},\"inLanguage\":\"pt-PT\",\"potentialAction\":[{\"@type\":\"ReadAction\",\"target\":[\"https:\/\/apan.pt\/academia\/tiktok-deve-a-sua-empresa-marcar-presenca\/\"]}]},{\"@type\":\"BreadcrumbList\",\"@id\":\"https:\/\/apan.pt\/academia\/tiktok-deve-a-sua-empresa-marcar-presenca\/#breadcrumb\",\"itemListElement\":[{\"@type\":\"ListItem\",\"position\":1,\"name\":\"In\u00edcio\",\"item\":\"https:\/\/apan.pt\/academia\/\"},{\"@type\":\"ListItem\",\"position\":2,\"name\":\"TikTok: Deve a sua empresa marcar presen\u00e7a?\"}]},{\"@type\":\"WebSite\",\"@id\":\"https:\/\/apan.pt\/academia\/#website\",\"url\":\"https:\/\/apan.pt\/academia\/\",\"name\":\"Academia APAN\",\"description\":\"Ensina quem sabe\",\"potentialAction\":[{\"@type\":\"SearchAction\",\"target\":{\"@type\":\"EntryPoint\",\"urlTemplate\":\"https:\/\/apan.pt\/academia\/?s={search_term_string}\"},\"query-input\":\"required name=search_term_string\"}],\"inLanguage\":\"pt-PT\"},{\"@type\":\"Person\",\"@id\":\"https:\/\/apan.pt\/academia\/#\/schema\/person\/b1697c1faa517f40a1bc4e523fddb99e\",\"name\":\"Academia APAN\",\"image\":{\"@type\":\"ImageObject\",\"inLanguage\":\"pt-PT\",\"@id\":\"https:\/\/apan.pt\/academia\/#\/schema\/person\/image\/\",\"url\":\"https:\/\/secure.gravatar.com\/avatar\/08dc5f6a05ca3202054c34236b122087?s=96&d=mm&r=g\",\"contentUrl\":\"https:\/\/secure.gravatar.com\/avatar\/08dc5f6a05ca3202054c34236b122087?s=96&d=mm&r=g\",\"caption\":\"Academia APAN\"},\"url\":\"https:\/\/apan.pt\/academia\/author\/apan\/\"}]}<\/script>\n<!-- \/ Yoast SEO plugin. -->","yoast_head_json":{"title":"TikTok: Deve a sua empresa marcar presen\u00e7a? \u2013 APAN, Blog.","description":"o TikTok \u00e9 a rede social do momento. Gilberto Pereira, diretor de opera\u00e7\u00f5es na MindSEO, diz-nos porque deve considerar o TikTok para a comunica\u00e7\u00e3o da sua empresa.","robots":{"index":"index","follow":"follow","max-snippet":"max-snippet:-1","max-image-preview":"max-image-preview:large","max-video-preview":"max-video-preview:-1"},"canonical":"https:\/\/apan.pt\/academia\/tiktok-deve-a-sua-empresa-marcar-presenca\/","og_locale":"pt_PT","og_type":"article","og_title":"TikTok: Deve a sua empresa marcar presen\u00e7a? \u2013 APAN, Blog.","og_description":"o TikTok \u00e9 a rede social do momento. Gilberto Pereira, diretor de opera\u00e7\u00f5es na MindSEO, diz-nos porque deve considerar o TikTok para a comunica\u00e7\u00e3o da sua empresa.","og_url":"https:\/\/apan.pt\/academia\/tiktok-deve-a-sua-empresa-marcar-presenca\/","og_site_name":"Academia APAN","article_publisher":"https:\/\/www.facebook.com\/academiaapan\/?epa=SEARCH_BOX","article_published_time":"2020-09-23T07:53:09+00:00","article_modified_time":"2020-09-28T11:18:03+00:00","og_image":[{"width":900,"height":450,"url":"https:\/\/apan.pt\/academia\/wp-content\/uploads\/2020\/09\/gilberto-pereira-mindseo-v2.jpg","type":"image\/jpeg"}],"author":"Academia APAN","twitter_card":"summary_large_image","twitter_misc":{"Escrito por":"Academia APAN","Tempo estimado de leitura":"3 minutos"},"schema":{"@context":"https:\/\/schema.org","@graph":[{"@type":"WebPage","@id":"https:\/\/apan.pt\/academia\/tiktok-deve-a-sua-empresa-marcar-presenca\/","url":"https:\/\/apan.pt\/academia\/tiktok-deve-a-sua-empresa-marcar-presenca\/","name":"TikTok: Deve a sua empresa marcar presen\u00e7a? \u2013 APAN, Blog.","isPartOf":{"@id":"https:\/\/apan.pt\/academia\/#website"},"datePublished":"2020-09-23T07:53:09+00:00","dateModified":"2020-09-28T11:18:03+00:00","author":{"@id":"https:\/\/apan.pt\/academia\/#\/schema\/person\/b1697c1faa517f40a1bc4e523fddb99e"},"description":"o TikTok \u00e9 a rede social do momento. Gilberto Pereira, diretor de opera\u00e7\u00f5es na MindSEO, diz-nos porque deve considerar o TikTok para a comunica\u00e7\u00e3o da sua empresa.","breadcrumb":{"@id":"https:\/\/apan.pt\/academia\/tiktok-deve-a-sua-empresa-marcar-presenca\/#breadcrumb"},"inLanguage":"pt-PT","potentialAction":[{"@type":"ReadAction","target":["https:\/\/apan.pt\/academia\/tiktok-deve-a-sua-empresa-marcar-presenca\/"]}]},{"@type":"BreadcrumbList","@id":"https:\/\/apan.pt\/academia\/tiktok-deve-a-sua-empresa-marcar-presenca\/#breadcrumb","itemListElement":[{"@type":"ListItem","position":1,"name":"In\u00edcio","item":"https:\/\/apan.pt\/academia\/"},{"@type":"ListItem","position":2,"name":"TikTok: Deve a sua empresa marcar presen\u00e7a?"}]},{"@type":"WebSite","@id":"https:\/\/apan.pt\/academia\/#website","url":"https:\/\/apan.pt\/academia\/","name":"Academia APAN","description":"Ensina quem sabe","potentialAction":[{"@type":"SearchAction","target":{"@type":"EntryPoint","urlTemplate":"https:\/\/apan.pt\/academia\/?s={search_term_string}"},"query-input":"required name=search_term_string"}],"inLanguage":"pt-PT"},{"@type":"Person","@id":"https:\/\/apan.pt\/academia\/#\/schema\/person\/b1697c1faa517f40a1bc4e523fddb99e","name":"Academia APAN","image":{"@type":"ImageObject","inLanguage":"pt-PT","@id":"https:\/\/apan.pt\/academia\/#\/schema\/person\/image\/","url":"https:\/\/secure.gravatar.com\/avatar\/08dc5f6a05ca3202054c34236b122087?s=96&d=mm&r=g","contentUrl":"https:\/\/secure.gravatar.com\/avatar\/08dc5f6a05ca3202054c34236b122087?s=96&d=mm&r=g","caption":"Academia APAN"},"url":"https:\/\/apan.pt\/academia\/author\/apan\/"}]}},"_links":{"self":[{"href":"https:\/\/apan.pt\/academia\/wp-json\/wp\/v2\/posts\/8370"}],"collection":[{"href":"https:\/\/apan.pt\/academia\/wp-json\/wp\/v2\/posts"}],"about":[{"href":"https:\/\/apan.pt\/academia\/wp-json\/wp\/v2\/types\/post"}],"author":[{"embeddable":true,"href":"https:\/\/apan.pt\/academia\/wp-json\/wp\/v2\/users\/22"}],"replies":[{"embeddable":true,"href":"https:\/\/apan.pt\/academia\/wp-json\/wp\/v2\/comments?post=8370"}],"version-history":[{"count":2,"href":"https:\/\/apan.pt\/academia\/wp-json\/wp\/v2\/posts\/8370\/revisions"}],"predecessor-version":[{"id":8386,"href":"https:\/\/apan.pt\/academia\/wp-json\/wp\/v2\/posts\/8370\/revisions\/8386"}],"wp:featuredmedia":[{"embeddable":true,"href":"https:\/\/apan.pt\/academia\/wp-json\/wp\/v2\/media\/8372"}],"wp:attachment":[{"href":"https:\/\/apan.pt\/academia\/wp-json\/wp\/v2\/media?parent=8370"}],"wp:term":[{"taxonomy":"category","embeddable":true,"href":"https:\/\/apan.pt\/academia\/wp-json\/wp\/v2\/categories?post=8370"},{"taxonomy":"post_tag","embeddable":true,"href":"https:\/\/apan.pt\/academia\/wp-json\/wp\/v2\/tags?post=8370"}],"curies":[{"name":"wp","href":"https:\/\/api.w.org\/{rel}","templated":true}]}}