{"id":8373,"date":"2020-09-24T10:09:37","date_gmt":"2020-09-24T09:09:37","guid":{"rendered":"https:\/\/apan.pt\/academia\/?p=8373"},"modified":"2020-09-29T08:39:32","modified_gmt":"2020-09-29T07:39:32","slug":"gira-as-suas-emocoes-mesmo-a-distancia","status":"publish","type":"post","link":"https:\/\/apan.pt\/academia\/gira-as-suas-emocoes-mesmo-a-distancia\/","title":{"rendered":"Gira as suas Emo\u00e7\u00f5es mesmo \u00e0 dist\u00e2ncia"},"content":{"rendered":"<p><strong><u>GIRA AS SUAS EMO\u00c7OES MESMO \u00c0 DIST\u00c2NCIA <\/u><\/strong><\/p>\n<p>De um modo geral todos temos a no\u00e7\u00e3o dos nossos estados emocionais e, tamb\u00e9m genericamente, vamos desenvolvendo ao longo da nossa vida estrat\u00e9gias de controle desses mesmos estados emocionais. Na verdade, todos ouvimos ou dissemos, uma vez ou outra a frase \u201ceu contive a minha emo\u00e7\u00e3o (raiva, alegria, tristeza etc.)<\/p>\n<p>No entanto, e por maioria de raz\u00e3o nos tempos que temos vivido ultimamente, e mais ainda aqueles que de n\u00f3s tivemos, ou temos ainda, que trabalhar num regime remoto, temos sido sujeitos a press\u00f5es emocionais nem sempre f\u00e1ceis de gerir, nem sempre f\u00e1ceis de enfrentar e quase nunca pass\u00edveis de se ignorar.<\/p>\n<p>O processo que nos leva do estado \u201c<em>normal<\/em>\u201d a uma situa\u00e7\u00e3o limite, de p\u00e2nico por exemplo, \u00e9 relativamente fluido:<\/p>\n<p>Primeiro sentimos a press\u00e3o, o inc\u00f3modo; depois segue-se o stress elevado; a esse momento segue-se aquele em que come\u00e7amos a ter de lidar com a ansiedade e, quando perdemos o controle dessa ansiedade entramos em p\u00e2nico. A perca de controle da ansiedade est\u00e1 directamente ligada com o facto de nos sentirmos impotentes para a resolu\u00e7\u00e3o da(s) quest\u00e3o(oes) que nos provocam essa mesma ansiedade.Na verdade, antes desta situa\u00e7\u00e3o, todos n\u00f3s de alguma forma utiliz\u00e1vamos uma esp\u00e9cie de \u201c<em>almofada emocional\u201d<\/em> durante o dia nos nossos locais de trabalho e envolvidos nos nossos afazeres e, depois do per\u00edodo laboral, a nossa vida privada servia tamb\u00e9m ela de \u201c<em>almofada emocional\u201d<\/em> em rela\u00e7\u00e3o ao per\u00edodo anterior.<\/p>\n<p><strong><u>Ent\u00e3o o que mudou realmente?<\/u><\/strong><\/p>\n<p>Primeiro essa \u201c<em>almofada emocional<\/em>\u201d esteve, ou ainda est\u00e1 ausente das nossas vidas quotidianas e, desse modo, estamos sujeitos \u00e0s press\u00f5es emocional sem nenhum tipo de intervalos e, essa exposi\u00e7\u00e3o constante e sem pausas acaba por cansar e gerar uma susceptibilidade elevada aos inputs exteriores a n\u00f3s;<\/p>\n<p>Depois uma grande parte das pessoas, umas mais justificadamente que outras porventura, passou a ter um elevado n\u00edvel de incerteza com a menor capacidade de \u201c<em>visualizar<\/em>\u201d o futuro mais imediato colocando-se cada vez mais numa situa\u00e7\u00e3o de incapacidade de planear, de prever, de projectar no tempo o seu caminho.<\/p>\n<p>Estas e muitas outras quest\u00f5es relacionadas condicionam de alguma maneira o modo como interagimos, seja presencialmente, seja em modo remoto que, por defini\u00e7\u00e3o tem a caracter\u00edstica de amplificar as quest\u00f5es emocionais.<\/p>\n<p>Assim, a capacidade de sabermos <u>o que estamos a sentir<\/u>, <u>quando estamos a sentir<\/u>, <u>porque estamos a sentir<\/u> isso e, mais importante, <strong>ter a consci\u00eancia que a minha \u201cleitura\u201d do outro est\u00e1 condicionada por esse estado emocional<\/strong> \u00e9 o primeiro passo para uma gest\u00e3o emocional pessoal, em ambiente profissional ou na nossa vida privada.<\/p>\n<p>No caso presente de todos aqueles que estamos a trabalhar em regime remoto, essa capacidade de gest\u00e3o emocional toma uma import\u00e2ncia ainda maior por, na aus\u00eancia de alguns dos est\u00edmulos normais que ter\u00edamos no nosso dia a dia \u201c<em>normal<\/em>\u201d presencial, o nosso c\u00e9rebro de algum modo substituir esses est\u00edmulos e, o nosso estado emocional estar firmemente na base dessa \u201csubstitui\u00e7\u00e3o\u201d.<\/p>\n<p><strong>Conhe\u00e7a-se a si pr\u00f3prio(a);<\/strong> saiba como reage e como interage e, principalmente, aumente a informa\u00e7\u00e3o do seu \u201c<em>mapa<\/em>\u201d por forma a ter mais escolhas nos seus <em>inputs<\/em> e respostas comportamentais na sua vida pessoal ou profissional.<\/p>\n<p><a href=\"https:\/\/apan.pt\/academia\/author\/tiagotavaressilva\/\">Tiago Tavares Silva<\/a><\/p>\n<p>&nbsp;<\/p>\n","protected":false},"excerpt":{"rendered":"<p>GIRA AS SUAS EMO\u00c7OES MESMO \u00c0 DIST\u00c2NCIA De um modo geral todos temos a no\u00e7\u00e3o dos nossos estados emocionais e, tamb\u00e9m genericamente, vamos desenvolvendo ao longo da nossa vida estrat\u00e9gias de controle desses mesmos estados emocionais. Na verdade, todos ouvimos ou dissemos, uma vez ou outra a frase \u201ceu contive a minha emo\u00e7\u00e3o (raiva, alegria,&#8230; <\/p>\n<div class=\"clear\"><\/div>\n<p><a href=\"https:\/\/apan.pt\/academia\/gira-as-suas-emocoes-mesmo-a-distancia\/\" class=\"gdlr-button with-border excerpt-read-more\">Ler Mais<\/a><\/p>\n","protected":false},"author":22,"featured_media":8029,"comment_status":"open","ping_status":"open","sticky":false,"template":"","format":"standard","meta":{"_monsterinsights_skip_tracking":false,"_monsterinsights_sitenote_active":false,"_monsterinsights_sitenote_note":"","_monsterinsights_sitenote_category":0},"categories":[1],"tags":[248,284,433],"yoast_head":"<!-- This site is optimized with the Yoast SEO plugin v19.12 - https:\/\/yoast.com\/wordpress\/plugins\/seo\/ -->\n<title>Gira as suas Emo\u00e7\u00f5es mesmo \u00e0 dist\u00e2ncia<\/title>\n<meta name=\"description\" content=\"Conhe\u00e7a-se a si pr\u00f3prio(a); saiba como reage e como interage e, principalmente, aumente a informa\u00e7\u00e3o do seu \u201cmapa\u201d por forma a ter mais escolhas nos seus inputs e respostas comportamentais na sua vida pessoal ou profissional.\" \/>\n<meta name=\"robots\" content=\"index, follow, max-snippet:-1, max-image-preview:large, max-video-preview:-1\" \/>\n<link rel=\"canonical\" href=\"https:\/\/apan.pt\/academia\/gira-as-suas-emocoes-mesmo-a-distancia\/\" \/>\n<meta property=\"og:locale\" content=\"pt_PT\" \/>\n<meta property=\"og:type\" content=\"article\" \/>\n<meta property=\"og:title\" content=\"Gira as suas Emo\u00e7\u00f5es mesmo \u00e0 dist\u00e2ncia\" \/>\n<meta property=\"og:description\" content=\"Conhe\u00e7a-se a si pr\u00f3prio(a); saiba como reage e como interage e, principalmente, aumente a informa\u00e7\u00e3o do seu \u201cmapa\u201d por forma a ter mais escolhas nos seus inputs e respostas comportamentais na sua vida pessoal ou profissional.\" \/>\n<meta property=\"og:url\" content=\"https:\/\/apan.pt\/academia\/gira-as-suas-emocoes-mesmo-a-distancia\/\" \/>\n<meta property=\"og:site_name\" content=\"Academia APAN\" \/>\n<meta property=\"article:publisher\" content=\"https:\/\/www.facebook.com\/academiaapan\/?epa=SEARCH_BOX\" \/>\n<meta property=\"article:published_time\" content=\"2020-09-24T09:09:37+00:00\" \/>\n<meta property=\"article:modified_time\" content=\"2020-09-29T07:39:32+00:00\" \/>\n<meta property=\"og:image\" content=\"https:\/\/apan.pt\/academia\/wp-content\/uploads\/2020\/04\/Foto_Tiago-Tavares-Silva.png\" \/>\n\t<meta property=\"og:image:width\" content=\"258\" \/>\n\t<meta property=\"og:image:height\" content=\"258\" \/>\n\t<meta property=\"og:image:type\" content=\"image\/png\" \/>\n<meta name=\"author\" content=\"Academia APAN\" \/>\n<meta name=\"twitter:card\" content=\"summary_large_image\" \/>\n<meta name=\"twitter:label1\" content=\"Escrito por\" \/>\n\t<meta name=\"twitter:data1\" content=\"Academia APAN\" \/>\n\t<meta name=\"twitter:label2\" content=\"Tempo estimado de leitura\" \/>\n\t<meta name=\"twitter:data2\" content=\"3 minutos\" \/>\n<script type=\"application\/ld+json\" class=\"yoast-schema-graph\">{\"@context\":\"https:\/\/schema.org\",\"@graph\":[{\"@type\":\"WebPage\",\"@id\":\"https:\/\/apan.pt\/academia\/gira-as-suas-emocoes-mesmo-a-distancia\/\",\"url\":\"https:\/\/apan.pt\/academia\/gira-as-suas-emocoes-mesmo-a-distancia\/\",\"name\":\"Gira as suas Emo\u00e7\u00f5es mesmo \u00e0 dist\u00e2ncia\",\"isPartOf\":{\"@id\":\"https:\/\/apan.pt\/academia\/#website\"},\"datePublished\":\"2020-09-24T09:09:37+00:00\",\"dateModified\":\"2020-09-29T07:39:32+00:00\",\"author\":{\"@id\":\"https:\/\/apan.pt\/academia\/#\/schema\/person\/b1697c1faa517f40a1bc4e523fddb99e\"},\"description\":\"Conhe\u00e7a-se a si pr\u00f3prio(a); saiba como reage e como interage e, principalmente, aumente a informa\u00e7\u00e3o do seu \u201cmapa\u201d por forma a ter mais escolhas nos seus inputs e respostas comportamentais na sua vida pessoal ou profissional.\",\"breadcrumb\":{\"@id\":\"https:\/\/apan.pt\/academia\/gira-as-suas-emocoes-mesmo-a-distancia\/#breadcrumb\"},\"inLanguage\":\"pt-PT\",\"potentialAction\":[{\"@type\":\"ReadAction\",\"target\":[\"https:\/\/apan.pt\/academia\/gira-as-suas-emocoes-mesmo-a-distancia\/\"]}]},{\"@type\":\"BreadcrumbList\",\"@id\":\"https:\/\/apan.pt\/academia\/gira-as-suas-emocoes-mesmo-a-distancia\/#breadcrumb\",\"itemListElement\":[{\"@type\":\"ListItem\",\"position\":1,\"name\":\"In\u00edcio\",\"item\":\"https:\/\/apan.pt\/academia\/\"},{\"@type\":\"ListItem\",\"position\":2,\"name\":\"Gira as suas Emo\u00e7\u00f5es mesmo \u00e0 dist\u00e2ncia\"}]},{\"@type\":\"WebSite\",\"@id\":\"https:\/\/apan.pt\/academia\/#website\",\"url\":\"https:\/\/apan.pt\/academia\/\",\"name\":\"Academia APAN\",\"description\":\"Ensina quem sabe\",\"potentialAction\":[{\"@type\":\"SearchAction\",\"target\":{\"@type\":\"EntryPoint\",\"urlTemplate\":\"https:\/\/apan.pt\/academia\/?s={search_term_string}\"},\"query-input\":\"required name=search_term_string\"}],\"inLanguage\":\"pt-PT\"},{\"@type\":\"Person\",\"@id\":\"https:\/\/apan.pt\/academia\/#\/schema\/person\/b1697c1faa517f40a1bc4e523fddb99e\",\"name\":\"Academia APAN\",\"image\":{\"@type\":\"ImageObject\",\"inLanguage\":\"pt-PT\",\"@id\":\"https:\/\/apan.pt\/academia\/#\/schema\/person\/image\/\",\"url\":\"https:\/\/secure.gravatar.com\/avatar\/08dc5f6a05ca3202054c34236b122087?s=96&d=mm&r=g\",\"contentUrl\":\"https:\/\/secure.gravatar.com\/avatar\/08dc5f6a05ca3202054c34236b122087?s=96&d=mm&r=g\",\"caption\":\"Academia APAN\"},\"url\":\"https:\/\/apan.pt\/academia\/author\/apan\/\"}]}<\/script>\n<!-- \/ Yoast SEO plugin. -->","yoast_head_json":{"title":"Gira as suas Emo\u00e7\u00f5es mesmo \u00e0 dist\u00e2ncia","description":"Conhe\u00e7a-se a si pr\u00f3prio(a); saiba como reage e como interage e, principalmente, aumente a informa\u00e7\u00e3o do seu \u201cmapa\u201d por forma a ter mais escolhas nos seus inputs e respostas comportamentais na sua vida pessoal ou profissional.","robots":{"index":"index","follow":"follow","max-snippet":"max-snippet:-1","max-image-preview":"max-image-preview:large","max-video-preview":"max-video-preview:-1"},"canonical":"https:\/\/apan.pt\/academia\/gira-as-suas-emocoes-mesmo-a-distancia\/","og_locale":"pt_PT","og_type":"article","og_title":"Gira as suas Emo\u00e7\u00f5es mesmo \u00e0 dist\u00e2ncia","og_description":"Conhe\u00e7a-se a si pr\u00f3prio(a); saiba como reage e como interage e, principalmente, aumente a informa\u00e7\u00e3o do seu \u201cmapa\u201d por forma a ter mais escolhas nos seus inputs e respostas comportamentais na sua vida pessoal ou profissional.","og_url":"https:\/\/apan.pt\/academia\/gira-as-suas-emocoes-mesmo-a-distancia\/","og_site_name":"Academia APAN","article_publisher":"https:\/\/www.facebook.com\/academiaapan\/?epa=SEARCH_BOX","article_published_time":"2020-09-24T09:09:37+00:00","article_modified_time":"2020-09-29T07:39:32+00:00","og_image":[{"width":258,"height":258,"url":"https:\/\/apan.pt\/academia\/wp-content\/uploads\/2020\/04\/Foto_Tiago-Tavares-Silva.png","type":"image\/png"}],"author":"Academia APAN","twitter_card":"summary_large_image","twitter_misc":{"Escrito por":"Academia APAN","Tempo estimado de leitura":"3 minutos"},"schema":{"@context":"https:\/\/schema.org","@graph":[{"@type":"WebPage","@id":"https:\/\/apan.pt\/academia\/gira-as-suas-emocoes-mesmo-a-distancia\/","url":"https:\/\/apan.pt\/academia\/gira-as-suas-emocoes-mesmo-a-distancia\/","name":"Gira as suas Emo\u00e7\u00f5es mesmo \u00e0 dist\u00e2ncia","isPartOf":{"@id":"https:\/\/apan.pt\/academia\/#website"},"datePublished":"2020-09-24T09:09:37+00:00","dateModified":"2020-09-29T07:39:32+00:00","author":{"@id":"https:\/\/apan.pt\/academia\/#\/schema\/person\/b1697c1faa517f40a1bc4e523fddb99e"},"description":"Conhe\u00e7a-se a si pr\u00f3prio(a); saiba como reage e como interage e, principalmente, aumente a informa\u00e7\u00e3o do seu \u201cmapa\u201d por forma a ter mais escolhas nos seus inputs e respostas comportamentais na sua vida pessoal ou profissional.","breadcrumb":{"@id":"https:\/\/apan.pt\/academia\/gira-as-suas-emocoes-mesmo-a-distancia\/#breadcrumb"},"inLanguage":"pt-PT","potentialAction":[{"@type":"ReadAction","target":["https:\/\/apan.pt\/academia\/gira-as-suas-emocoes-mesmo-a-distancia\/"]}]},{"@type":"BreadcrumbList","@id":"https:\/\/apan.pt\/academia\/gira-as-suas-emocoes-mesmo-a-distancia\/#breadcrumb","itemListElement":[{"@type":"ListItem","position":1,"name":"In\u00edcio","item":"https:\/\/apan.pt\/academia\/"},{"@type":"ListItem","position":2,"name":"Gira as suas Emo\u00e7\u00f5es mesmo \u00e0 dist\u00e2ncia"}]},{"@type":"WebSite","@id":"https:\/\/apan.pt\/academia\/#website","url":"https:\/\/apan.pt\/academia\/","name":"Academia APAN","description":"Ensina quem sabe","potentialAction":[{"@type":"SearchAction","target":{"@type":"EntryPoint","urlTemplate":"https:\/\/apan.pt\/academia\/?s={search_term_string}"},"query-input":"required name=search_term_string"}],"inLanguage":"pt-PT"},{"@type":"Person","@id":"https:\/\/apan.pt\/academia\/#\/schema\/person\/b1697c1faa517f40a1bc4e523fddb99e","name":"Academia APAN","image":{"@type":"ImageObject","inLanguage":"pt-PT","@id":"https:\/\/apan.pt\/academia\/#\/schema\/person\/image\/","url":"https:\/\/secure.gravatar.com\/avatar\/08dc5f6a05ca3202054c34236b122087?s=96&d=mm&r=g","contentUrl":"https:\/\/secure.gravatar.com\/avatar\/08dc5f6a05ca3202054c34236b122087?s=96&d=mm&r=g","caption":"Academia APAN"},"url":"https:\/\/apan.pt\/academia\/author\/apan\/"}]}},"_links":{"self":[{"href":"https:\/\/apan.pt\/academia\/wp-json\/wp\/v2\/posts\/8373"}],"collection":[{"href":"https:\/\/apan.pt\/academia\/wp-json\/wp\/v2\/posts"}],"about":[{"href":"https:\/\/apan.pt\/academia\/wp-json\/wp\/v2\/types\/post"}],"author":[{"embeddable":true,"href":"https:\/\/apan.pt\/academia\/wp-json\/wp\/v2\/users\/22"}],"replies":[{"embeddable":true,"href":"https:\/\/apan.pt\/academia\/wp-json\/wp\/v2\/comments?post=8373"}],"version-history":[{"count":4,"href":"https:\/\/apan.pt\/academia\/wp-json\/wp\/v2\/posts\/8373\/revisions"}],"predecessor-version":[{"id":8384,"href":"https:\/\/apan.pt\/academia\/wp-json\/wp\/v2\/posts\/8373\/revisions\/8384"}],"wp:featuredmedia":[{"embeddable":true,"href":"https:\/\/apan.pt\/academia\/wp-json\/wp\/v2\/media\/8029"}],"wp:attachment":[{"href":"https:\/\/apan.pt\/academia\/wp-json\/wp\/v2\/media?parent=8373"}],"wp:term":[{"taxonomy":"category","embeddable":true,"href":"https:\/\/apan.pt\/academia\/wp-json\/wp\/v2\/categories?post=8373"},{"taxonomy":"post_tag","embeddable":true,"href":"https:\/\/apan.pt\/academia\/wp-json\/wp\/v2\/tags?post=8373"}],"curies":[{"name":"wp","href":"https:\/\/api.w.org\/{rel}","templated":true}]}}