{"id":7158,"date":"2017-07-10T12:50:59","date_gmt":"2017-07-10T12:50:59","guid":{"rendered":"https:\/\/apan.pt\/mediasmart\/?p=7158"},"modified":"2017-07-12T13:27:07","modified_gmt":"2017-07-12T13:27:07","slug":"adolescentes-instagram","status":"publish","type":"post","link":"https:\/\/apan.pt\/mediasmart\/adolescentes-instagram\/","title":{"rendered":"Porque \u00e9 que os adolescentes gostam tanto do Instagram?"},"content":{"rendered":"<p>Vamos falar um pouco sobre o Instragram: como funciona, porque \u00e9 que \u00e9 t\u00e3o usado e quais os cuidados que deve ter.\u00a0Quanto mais os pais e os professores conhecerem e entenderem este assunto, mais e melhor poder\u00e3o apoiar os adolescentes.<\/p>\n<p>As redes sociais podem ter uma for\u00e7a positiva para a mudan\u00e7a, como tal desenvolvemos<a href=\"https:\/\/apan.pt\/mediasmart\/pais\/guias\/\" target=\"_blank\" rel=\"noopener\"> guias com conselhos importantes<\/a> para o ajudar a explicar aos jovens como funcionam as redes sociais. O\u00a0nosso objetivo \u00e9 identificar factos, compreender e educar. A tecnologia veio para ficar, pelo que formar em mat\u00e9ria de resili\u00eancia medi\u00e1tica e literacia para os media \u00e9 essencial. Tamb\u00e9m nos queremos concentrar nos aspetos positivos das redes sociais: o seu poder de fazer o bem, de aumentar a informa\u00e7\u00e3o, de iluminar e de inspirar.<\/p>\n<p>O <a href=\"https:\/\/www.instagram.com\" target=\"_blank\" rel=\"noopener\">Instagram<\/a> \u00e9 uma das redes sociais mais difundidas entre os adolescentes, sendo que alguns deles afirmam que passam horas a editar fotografias, antes de as publicar. Al\u00e9m de a\u00a0idade m\u00ednima para ter conta no instagram ser de 13 anos, muitos jovens criam um perfil mais cedo. Sempre que a utiliza\u00e7\u00e3o das redes sociais \u00e9 realizado sem o conhecimento dos pais, existe a probabilidade de algum tipo de problema ocorrer. Pelo que, criar um di\u00e1logo aberto \u00e9 importante para poder apoiar os adolescentes.<\/p>\n<p>Com todas as novas funcionalidades, \u00e9 um desafio para os pais manterem-se atualizados e perceber de que forma os mais novos utilizam o Instagram. Por isso, juntamos neste artigo os recursos e o conhecimento mais atualizados, para que possa estar ciente do funcionamento desta rede social.<\/p>\n<p>Para come\u00e7ar, pesquis\u00e1mos porque \u00e9 que o Instagram \u00e9 t\u00e3o popular e seguido por tantos jovens:<br \/>\n1) O Instagram possui 500 milh\u00f5es de utilizadores ativos e est\u00e1 a crescer todos os dias. Os utilizadores do Instagram \u201cgostaram\u201c de 4.2 bili\u00f5es de <em>posts<\/em> por dia. Na \u00faltima hora 1 em cada 5 jovens usaram o Instagram \u2013 por isso n\u00e3o h\u00e1 como negar a sua popularidade.<br \/>\n2) Mais de 40 bili\u00f5es de fotos partilhadas e 95 milh\u00f5es por dia!<br \/>\n3) A conta de Instagram mais seguida \u00e9 da cantora\u00a0<a href=\"https:\/\/www.instagram.com\/selenagomez\/\" target=\"_blank\" rel=\"noopener\">Selena Gomez<\/a>, tem mais de 117 milh\u00f5es de seguidores.<br \/>\n4)\u00a0<a href=\"https:\/\/www.instagram.com\/cristiano\/?hl=pt\" target=\"_blank\" rel=\"noopener\">Cristiano Ronaldo<\/a>, jogador do Real Madrid, tem mais de 95 milh\u00f5es de seguidores e \u00e9 um das celebridades mais seguidas.<br \/>\n5) O Instagram foi comprado pelo Facebook em 2012 por 1 bili\u00e3o de d\u00f3lares. A partir dessa data passou a introduzir <em>posts<\/em> patrocinados tamb\u00e9m nesta rede social. Ser\u00e1 que o seu filho tem conhecimento que no seu <em>feed<\/em> de not\u00edcias aparecem este tipo de conte\u00fados? Conseguem identificar um <em>post <\/em>patrocinado?<br \/>\n6) Pessoas reconhecidas do grande p\u00fablico, bem como celebridades podem ser pagas para promover produtos junto dos seus seguidores. Quantos mais seguidores tiverem, mais dinheiro recebem para aprovarem produtos. As principais influenciadoras das redes sociais, como as Kardashians, foram acusadas de cobrar cerca de 1.500 libras por apresentarem determinados produtos nos seus perfis. Certifique-se de que os seus filhos est\u00e3o conscientes que muitos dos Instagrammers endossam produtos e s\u00e3o pagos para falarem deles ou os anunciarem no seu perfil.<br \/>\n7) Sabia que o Instagram tem uma fun\u00e7\u00e3o de \u201cchat\u201d separada? A maior parte dos pais n\u00e3o tem no\u00e7\u00e3o dessa realidade.<br \/>\n8) Ter uma conta no Instagram \u00e9 muito popular entre os utilizadores mais novos, sendo que alguns t\u00eam uma conta real e outros uma <a href=\"http:\/\/observador.pt\/2015\/11\/20\/finstagrams-as-contas-falsas-do-instagram-nao\/\" target=\"_blank\" rel=\"noopener\">conta falsa<\/a>.<br \/>\n9) Em 2016, o Instagram apresentou \u201cInstagram stories\u201d. Um recurso id\u00eantico ao Snapchat, que permite a coloca\u00e7\u00e3o de imagens e v\u00eddeos tempor\u00e1rios no perfil. Este espa\u00e7o permite que os utilizadores tirem fotos e adicionem os mais diversificados efeitos \u00e0s suas fotos. As fotos enviadas para o perfil do utilizador expiram ap\u00f3s 24 horas.<\/p>\n<p>Tamb\u00e9m fomos procurar saber as raz\u00f5es porque os jovens gostam tanto de estar no Instagram:<br \/>\n&#8211; \u201c Vejo este espa\u00e7o como um portf\u00f3lio de ideias, onde cada um pode partilhar as suas ideias e fotos\u201d<br \/>\n&#8211; \u201c Eu amo o Instagram porque existem muitas fotos art\u00edsticas e eu adoro fotografia\u201d<br \/>\n&#8211; \u201c \u00c0s vezes eu n\u00e3o tenho a certeza se devo postar uma foto e ent\u00e3o envio-as para um amigo antes de as colocar no Instagram \u201c<br \/>\n&#8211; \u201c Acho que \u00e9 um jogo de n\u00fameros e bastante competitivo, saber quantos \u201cgostos\u201d e seguidores uma pessoa consegue alcan\u00e7ar\u201d.<br \/>\n\u201c Eu posso partilhar fotos e conversar com os meus amigos sem a minha fam\u00edlia se juntar \u00e0 conversa\u201d<\/p>\n<p><iframe loading=\"lazy\" autoplay=\u201dfalse\u201d src=\"http:\/\/cf.c.ooyala.com\/04ZHZ2cTqhP31x86gWIj13OQHPIsLbhV\/DOcJ-FxaFrRg4gtDEwOmk2OmdoOyqDHr\" width=\"560\" height=\"315\" frameborder=\"0\" allowfullscreen=\"allowfullscreen\"><\/iframe>*<br \/>\n<span style=\"font-family: Verdana; font-size: xx-small;\">*V\u00eddeo onde crian\u00e7as dos 9 aos 13 anos no Reino Unido falam sobre esta aplica\u00e7\u00e3o.<\/span><\/p>\n<p>O NSPCC tamb\u00e9m realizou uma pesquisa sobre a <a href=\"https:\/\/www.net-aware.org.uk\/networks\/instagram\/\" target=\"_blank\" rel=\"noopener\">popularidade das redes sociais<\/a>\u00a0junto dos mais novos. Sugerimos a sua leitura para entender ainda melhor todo este universo digital.<\/p>\n<p>O Instagram \u00e9 muitas vezes citado como um lugar muito positivo, mas tamb\u00e9m criticado por ser irrealista. No entanto, cada um tem a possibilidade de decidir o que quer ver (baseado nas pessoas que segue e com as quais interage). O Instagram explica o uso de <em>algoritmos <\/em>personalizados: \u201cos <em>posts<\/em> s\u00e3o selecionadas automaticamente \u2013 com base nos conte\u00fados que s\u00e3o seguidos, ou nos <em>posts<\/em> onde os utilizadores colocam um gosto\u201d. Assim sendo, tem sempre a possibilidade de gerir os conte\u00fados que est\u00e1 a ver no seu<em> feed<\/em> de not\u00edcias, \u00a0basta analisar qual a raz\u00e3o pelo qual l\u00e1 se encontra ou que outros conte\u00fados gostaria de l\u00e1 ver.<\/p>\n<p>Claro que nesta rede social n\u00e3o existe apenas selfies ou publicidade. Com alguma ajuda de jovens, pais e professores encontramos alguns incr\u00edveis Instagrammers. Independentemente da idade, existem pessoas incr\u00edveis, que podem inspirar a nossa vida e com as quais temos muito a aprender.\u00a0 Dar-lhe-mos conta num pr\u00f3ximo artigo de algumas contas inspiradoras que existem no Instagram. \u00a0Se conhecer alguns, n\u00e3o hesite em nos mostrar no nosso <a href=\"https:\/\/www.facebook.com\/mediasmart.apan\" target=\"_blank\" rel=\"noopener\">facebook<\/a> ou atrav\u00e9s dos nossos <a href=\"https:\/\/apan.pt\/mediasmart\/contactos\/\" target=\"_blank\" rel=\"noopener\">contactos<\/a>.<\/p>\n<p>Pode descobrir mais <a href=\"https:\/\/help.instagram.com\/\" target=\"_blank\" rel=\"noopener\">sobre o Instagram<\/a> na p\u00e1gina de ajuda da rede social, principalmente na sec\u00e7\u00e3o de\u00a0<a href=\"https:\/\/help.instagram.com\/154475974694511?ref=iglandingpage\" target=\"_blank\" rel=\"noopener\">conselhos para os pais<\/a>.<\/p>\n","protected":false},"excerpt":{"rendered":"<p>Vamos falar um pouco sobre o Instragram: como funciona, porque \u00e9 que \u00e9 t\u00e3o usado e quais os cuidados que deve ter.\u00a0Quanto mais os pais e os professores conhecerem e entenderem este assunto, mais e melhor poder\u00e3o apoiar os adolescentes. As redes sociais podem ter uma for\u00e7a positiva para a mudan\u00e7a, como tal desenvolvemos guias&#8230;<\/p>\n","protected":false},"author":2,"featured_media":7166,"comment_status":"open","ping_status":"open","sticky":false,"template":"","format":"standard","meta":{"_monsterinsights_skip_tracking":false,"_monsterinsights_sitenote_active":false,"_monsterinsights_sitenote_note":"","_monsterinsights_sitenote_category":0},"categories":[1],"tags":[],"_links":{"self":[{"href":"https:\/\/apan.pt\/mediasmart\/wp-json\/wp\/v2\/posts\/7158"}],"collection":[{"href":"https:\/\/apan.pt\/mediasmart\/wp-json\/wp\/v2\/posts"}],"about":[{"href":"https:\/\/apan.pt\/mediasmart\/wp-json\/wp\/v2\/types\/post"}],"author":[{"embeddable":true,"href":"https:\/\/apan.pt\/mediasmart\/wp-json\/wp\/v2\/users\/2"}],"replies":[{"embeddable":true,"href":"https:\/\/apan.pt\/mediasmart\/wp-json\/wp\/v2\/comments?post=7158"}],"version-history":[{"count":16,"href":"https:\/\/apan.pt\/mediasmart\/wp-json\/wp\/v2\/posts\/7158\/revisions"}],"predecessor-version":[{"id":7176,"href":"https:\/\/apan.pt\/mediasmart\/wp-json\/wp\/v2\/posts\/7158\/revisions\/7176"}],"wp:featuredmedia":[{"embeddable":true,"href":"https:\/\/apan.pt\/mediasmart\/wp-json\/wp\/v2\/media\/7166"}],"wp:attachment":[{"href":"https:\/\/apan.pt\/mediasmart\/wp-json\/wp\/v2\/media?parent=7158"}],"wp:term":[{"taxonomy":"category","embeddable":true,"href":"https:\/\/apan.pt\/mediasmart\/wp-json\/wp\/v2\/categories?post=7158"},{"taxonomy":"post_tag","embeddable":true,"href":"https:\/\/apan.pt\/mediasmart\/wp-json\/wp\/v2\/tags?post=7158"}],"curies":[{"name":"wp","href":"https:\/\/api.w.org\/{rel}","templated":true}]}}